{"id":216618,"date":"2022-12-26T10:31:52","date_gmt":"2022-12-26T09:31:52","guid":{"rendered":"https:\/\/www.avem.fr\/?p=51556"},"modified":"2023-08-17T18:41:13","modified_gmt":"2023-08-17T18:41:13","slug":"bonnes-nouvelles-pour-les-avions-electriques-a-pile-hydrogene","status":"publish","type":"post","link":"https:\/\/www.evearly.news\/fr\/bonnes-nouvelles-pour-les-avions-electriques-a-pile-hydrogene\/","title":{"rendered":"Bonnes nouvelles pour les avions \u00e9lectriques \u00e0 pile hydrog\u00e8ne"},"content":{"rendered":"<p><img decoding=\"async\" width=\"1000\" height=\"563\" src=\"https:\/\/news.evearly.com\/wp-content\/uploads\/2022\/12\/bonnes-nouvelles-pour-les-avions-electriques-a-pile-hydrogene.jpg\" class=\"attachment-post-thumbnail size-post-thumbnail wp-post-image\" alt=\"Dornier 228 \u00e9lectrique \u00e0 PAC H2 par ZeroAvia avions \u00e9lectriques\" loading=\"lazy\" \/>Avec un pied au Royaume-Uni et l\u2019autre aux Etats-Unis, ZeroAvia s\u2019acte \u00e0 d\u00e9velopper une motorisation \u00e9lectrique \u00e0 pile hydrog\u00e8ne, d\u2019abord pour les avions comptant 9 \u00e0 19 places. \u00a0 Part 21 Apr\u00e8s un premier vol r\u00e9alis\u00e9 le 21 mars 1982, le Dornier 228 est un avion con\u00e7u pour transporter jusqu\u2019\u00e0 [\u2026] <a href=\"https:\/\/www.avem.fr\/2022\/12\/26\/bonnes-nouvelle-pour-les-avions-electriques-a-pile-hydrogene\/\" target=\"blank\" rel=\"noopener\">Lire la suite&#8230;<\/a><\/p>\n","protected":false},"excerpt":{"rendered":"<p><img decoding=\"async\" width=\"1000\" height=\"563\" src=\"https:\/\/news.evearly.com\/wp-content\/uploads\/2022\/12\/bonnes-nouvelles-pour-les-avions-electriques-a-pile-hydrogene.jpg\" class=\"attachment-post-thumbnail size-post-thumbnail wp-post-image\" alt=\"Dornier 228 \u00e9lectrique \u00e0 PAC H2 par ZeroAvia avions \u00e9lectriques\" loading=\"lazy\" \/>Avec un pied au Royaume-Uni et l\u2019autre aux Etats-Unis, ZeroAvia s\u2019acte \u00e0 d\u00e9velopper une motorisation \u00e9lectrique \u00e0 pile hydrog\u00e8ne, d\u2019abord pour les avions comptant 9 \u00e0 19 places. \u00a0 Part 21 Apr\u00e8s un premier vol r\u00e9alis\u00e9 le 21 mars 1982, le Dornier 228 est un avion con\u00e7u pour transporter jusqu\u2019\u00e0 [\u2026] <a class=\"continue-reading-link\" href=\"https:\/\/www.evearly.news\/fr\/bonnes-nouvelles-pour-les-avions-electriques-a-pile-hydrogene\/\"><\/a><\/p>\n","protected":false},"author":3,"featured_media":0,"comment_status":"closed","ping_status":"closed","sticky":false,"template":"","format":"standard","meta":{"footnotes":""},"categories":[3],"tags":[],"class_list":["post-216618","post","type-post","status-publish","format-standard","hentry","category-avem"],"_links":{"self":[{"href":"https:\/\/www.evearly.news\/fr\/wp-json\/wp\/v2\/posts\/216618","targetHints":{"allow":["GET"]}}],"collection":[{"href":"https:\/\/www.evearly.news\/fr\/wp-json\/wp\/v2\/posts"}],"about":[{"href":"https:\/\/www.evearly.news\/fr\/wp-json\/wp\/v2\/types\/post"}],"author":[{"embeddable":true,"href":"https:\/\/www.evearly.news\/fr\/wp-json\/wp\/v2\/users\/3"}],"replies":[{"embeddable":true,"href":"https:\/\/www.evearly.news\/fr\/wp-json\/wp\/v2\/comments?post=216618"}],"version-history":[{"count":1,"href":"https:\/\/www.evearly.news\/fr\/wp-json\/wp\/v2\/posts\/216618\/revisions"}],"predecessor-version":[{"id":256480,"href":"https:\/\/www.evearly.news\/fr\/wp-json\/wp\/v2\/posts\/216618\/revisions\/256480"}],"wp:attachment":[{"href":"https:\/\/www.evearly.news\/fr\/wp-json\/wp\/v2\/media?parent=216618"}],"wp:term":[{"taxonomy":"category","embeddable":true,"href":"https:\/\/www.evearly.news\/fr\/wp-json\/wp\/v2\/categories?post=216618"},{"taxonomy":"post_tag","embeddable":true,"href":"https:\/\/www.evearly.news\/fr\/wp-json\/wp\/v2\/tags?post=216618"}],"curies":[{"name":"wp","href":"https:\/\/api.w.org\/{rel}","templated":true}]}}