{"id":217000,"date":"2022-12-28T19:00:18","date_gmt":"2022-12-28T18:00:18","guid":{"rendered":"https:\/\/www.automobile-propre.com\/?p=166253"},"modified":"2022-12-28T19:00:18","modified_gmt":"2022-12-28T18:00:18","slug":"le-bilan-de-2022-par-la-redaction-dautomobile-propre-la-mercedes-eqxx-le-coup-de-coeur-de-pierre","status":"publish","type":"post","link":"https:\/\/www.evearly.news\/fr\/le-bilan-de-2022-par-la-redaction-dautomobile-propre-la-mercedes-eqxx-le-coup-de-coeur-de-pierre\/","title":{"rendered":"Le bilan de 2022 par la r\u00e9daction d\u2019Automobile Propre : la Mercedes EQXX, le coup de coeur de Pierre"},"content":{"rendered":"<p><img decoding=\"async\" width=\"500\" height=\"333\" src=\"https:\/\/news.evearly.com\/wp-content\/uploads\/2022\/12\/le-bilan-de-2022-par-la-redaction-dautomobile-propre-la-mercedes-eqxx-le-coup-de-coeur-de-pierre.jpg\" class=\"attachment-186x124 size-186x124 wp-post-image\" alt=\"\" loading=\"lazy\" \/><br \/>\nApr\u00e8s vous avoir inform\u00e9 tout au long de l&rsquo;ann\u00e9e, Automobile Propre fait son bilan de 2022. A tour de r\u00f4le,\u2026 <a href=\"https:\/\/www.automobile-propre.com\/le-bilan-de-2022-par-la-redaction-dautomobile-propre-la-mercedes-eqxx-le-coup-de-coeur-de-pierre\/\" target='bwindow' rel=\"noopener\">Lire la suite&#8230;<\/a><\/p>\n","protected":false},"excerpt":{"rendered":"<p>Apr\u00e8s vous avoir inform\u00e9 tout au long de l&rsquo;ann\u00e9e, Automobile Propre fait son bilan de 2022. A tour de r\u00f4le,\u2026&#8230; <a class=\"continue-reading-link\" href=\"https:\/\/www.evearly.news\/fr\/le-bilan-de-2022-par-la-redaction-dautomobile-propre-la-mercedes-eqxx-le-coup-de-coeur-de-pierre\/\"><\/a><\/p>\n","protected":false},"author":8,"featured_media":0,"comment_status":"closed","ping_status":"closed","sticky":false,"template":"","format":"standard","meta":{"footnotes":""},"categories":[8],"tags":[],"class_list":["post-217000","post","type-post","status-publish","format-standard","hentry","category-automobile-propre"],"_links":{"self":[{"href":"https:\/\/www.evearly.news\/fr\/wp-json\/wp\/v2\/posts\/217000","targetHints":{"allow":["GET"]}}],"collection":[{"href":"https:\/\/www.evearly.news\/fr\/wp-json\/wp\/v2\/posts"}],"about":[{"href":"https:\/\/www.evearly.news\/fr\/wp-json\/wp\/v2\/types\/post"}],"author":[{"embeddable":true,"href":"https:\/\/www.evearly.news\/fr\/wp-json\/wp\/v2\/users\/8"}],"replies":[{"embeddable":true,"href":"https:\/\/www.evearly.news\/fr\/wp-json\/wp\/v2\/comments?post=217000"}],"version-history":[{"count":0,"href":"https:\/\/www.evearly.news\/fr\/wp-json\/wp\/v2\/posts\/217000\/revisions"}],"wp:attachment":[{"href":"https:\/\/www.evearly.news\/fr\/wp-json\/wp\/v2\/media?parent=217000"}],"wp:term":[{"taxonomy":"category","embeddable":true,"href":"https:\/\/www.evearly.news\/fr\/wp-json\/wp\/v2\/categories?post=217000"},{"taxonomy":"post_tag","embeddable":true,"href":"https:\/\/www.evearly.news\/fr\/wp-json\/wp\/v2\/tags?post=217000"}],"curies":[{"name":"wp","href":"https:\/\/api.w.org\/{rel}","templated":true}]}}