{"id":217079,"date":"2022-12-29T10:20:23","date_gmt":"2022-12-29T09:20:23","guid":{"rendered":"https:\/\/www.automobile-propre.com\/?post_type=breves&amp;p=166956"},"modified":"2022-12-29T10:20:23","modified_gmt":"2022-12-29T09:20:23","slug":"le-1er-janvier-2023-hyundai-passe-au-100-electrique-en-norvege","status":"publish","type":"post","link":"https:\/\/www.evearly.news\/fr\/le-1er-janvier-2023-hyundai-passe-au-100-electrique-en-norvege\/","title":{"rendered":"Le 1er janvier 2023, Hyundai passe au 100% \u00e9lectrique\u2026 en Norv\u00e8ge"},"content":{"rendered":"<p><img decoding=\"async\" width=\"500\" height=\"333\" src=\"https:\/\/news.evearly.com\/wp-content\/uploads\/2022\/12\/le-1er-janvier-2023-hyundai-passe-au-100-electrique-en-norvege.jpg\" class=\"attachment-186x124 size-186x124 wp-post-image\" alt=\"Hyundai Ioniq6\" loading=\"lazy\" \/><br \/>\nDeux ans apr\u00e8s avoir cess\u00e9 la vente de mod\u00e8les non \u00e9lectrifi\u00e9s, Hyundai passe une nouvelle \u00e9tape sur le march\u00e9 norv\u00e9gien. \u00c0 compter du 1er janvier 2023, il n&rsquo;y vendra plus que des mod\u00e8les \u00e0 0 \u00e9missions de CO2. <a href=\"https:\/\/www.automobile-propre.com\/breves\/le-1er-janvier-2023-hyundai-passe-au-100-electrique-en-norvege\/\" target='bwindow' rel=\"noopener\">Lire la suite&#8230;<\/a><\/p>\n","protected":false},"excerpt":{"rendered":"<p>Deux ans apr\u00e8s avoir cess\u00e9 la vente de mod\u00e8les non \u00e9lectrifi\u00e9s, Hyundai passe une nouvelle \u00e9tape sur le march\u00e9 norv\u00e9gien. \u00c0 compter du 1er janvier 2023, il n&rsquo;y vendra plus que des mod\u00e8les \u00e0 0 \u00e9missions de CO2&#8230;. <a class=\"continue-reading-link\" href=\"https:\/\/www.evearly.news\/fr\/le-1er-janvier-2023-hyundai-passe-au-100-electrique-en-norvege\/\"><\/a><\/p>\n","protected":false},"author":8,"featured_media":0,"comment_status":"closed","ping_status":"closed","sticky":false,"template":"","format":"standard","meta":{"footnotes":""},"categories":[8],"tags":[],"class_list":["post-217079","post","type-post","status-publish","format-standard","hentry","category-automobile-propre"],"_links":{"self":[{"href":"https:\/\/www.evearly.news\/fr\/wp-json\/wp\/v2\/posts\/217079","targetHints":{"allow":["GET"]}}],"collection":[{"href":"https:\/\/www.evearly.news\/fr\/wp-json\/wp\/v2\/posts"}],"about":[{"href":"https:\/\/www.evearly.news\/fr\/wp-json\/wp\/v2\/types\/post"}],"author":[{"embeddable":true,"href":"https:\/\/www.evearly.news\/fr\/wp-json\/wp\/v2\/users\/8"}],"replies":[{"embeddable":true,"href":"https:\/\/www.evearly.news\/fr\/wp-json\/wp\/v2\/comments?post=217079"}],"version-history":[{"count":0,"href":"https:\/\/www.evearly.news\/fr\/wp-json\/wp\/v2\/posts\/217079\/revisions"}],"wp:attachment":[{"href":"https:\/\/www.evearly.news\/fr\/wp-json\/wp\/v2\/media?parent=217079"}],"wp:term":[{"taxonomy":"category","embeddable":true,"href":"https:\/\/www.evearly.news\/fr\/wp-json\/wp\/v2\/categories?post=217079"},{"taxonomy":"post_tag","embeddable":true,"href":"https:\/\/www.evearly.news\/fr\/wp-json\/wp\/v2\/tags?post=217079"}],"curies":[{"name":"wp","href":"https:\/\/api.w.org\/{rel}","templated":true}]}}