{"id":217084,"date":"2022-12-29T10:46:10","date_gmt":"2022-12-29T09:46:10","guid":{"rendered":"https:\/\/www.caradisiac.com\/les-prix-des-tesla-en-occasion-redeviennent-normaux-199944.htm#xtor=RSS-40"},"modified":"2022-12-29T10:46:10","modified_gmt":"2022-12-29T09:46:10","slug":"les-prix-des-tesla-en-occasion-redeviennent-normaux","status":"publish","type":"post","link":"https:\/\/www.evearly.news\/fr\/les-prix-des-tesla-en-occasion-redeviennent-normaux\/","title":{"rendered":"Les prix des Tesla en occasion redeviennent \u00ab\u00a0normaux\u00a0\u00bb"},"content":{"rendered":"<p><img decoding=\"async\" src=\"https:\/\/news.evearly.com\/wp-content\/uploads\/2022\/12\/les-prix-des-tesla-en-occasion-redeviennent-normaux.jpg\" \/> Apr\u00e8s avoir atteint des sommets jusqu\u2019au d\u00e9but de l\u2019ann\u00e9e, le prix des Tesla r\u00e9centes sur le march\u00e9 de l\u2019occasion revient enfin \u00e0 des niveaux normaux. Il devrait continuer \u00e0 baisser au cours des mois \u00e0 venir. <a href=\"https:\/\/www.caradisiac.com\/les-prix-des-tesla-en-occasion-redeviennent-normaux-199944.htm#xtor=RSS-40\" target=\"blank\" rel=\"noopener\">Lire la suite&#8230;<\/a><\/p>\n","protected":false},"excerpt":{"rendered":"<p><img decoding=\"async\" src=\"https:\/\/news.evearly.com\/wp-content\/uploads\/2022\/12\/les-prix-des-tesla-en-occasion-redeviennent-normaux.jpg\" \/> Apr\u00e8s avoir atteint des sommets jusqu\u2019au d\u00e9but de l\u2019ann\u00e9e, le prix des Tesla r\u00e9centes sur le march\u00e9 de l\u2019occasion revient enfin \u00e0 des niveaux normaux. Il devrait continuer \u00e0 baisser au cours des mois \u00e0 venir.<\/p>\n<p> <a class=\"continue-reading-link\" href=\"https:\/\/www.evearly.news\/fr\/les-prix-des-tesla-en-occasion-redeviennent-normaux\/\"><\/a><\/p>\n","protected":false},"author":11,"featured_media":0,"comment_status":"closed","ping_status":"closed","sticky":false,"template":"","format":"standard","meta":{"footnotes":""},"categories":[11],"tags":[],"class_list":["post-217084","post","type-post","status-publish","format-standard","hentry","category-caradisiac"],"_links":{"self":[{"href":"https:\/\/www.evearly.news\/fr\/wp-json\/wp\/v2\/posts\/217084","targetHints":{"allow":["GET"]}}],"collection":[{"href":"https:\/\/www.evearly.news\/fr\/wp-json\/wp\/v2\/posts"}],"about":[{"href":"https:\/\/www.evearly.news\/fr\/wp-json\/wp\/v2\/types\/post"}],"author":[{"embeddable":true,"href":"https:\/\/www.evearly.news\/fr\/wp-json\/wp\/v2\/users\/11"}],"replies":[{"embeddable":true,"href":"https:\/\/www.evearly.news\/fr\/wp-json\/wp\/v2\/comments?post=217084"}],"version-history":[{"count":0,"href":"https:\/\/www.evearly.news\/fr\/wp-json\/wp\/v2\/posts\/217084\/revisions"}],"wp:attachment":[{"href":"https:\/\/www.evearly.news\/fr\/wp-json\/wp\/v2\/media?parent=217084"}],"wp:term":[{"taxonomy":"category","embeddable":true,"href":"https:\/\/www.evearly.news\/fr\/wp-json\/wp\/v2\/categories?post=217084"},{"taxonomy":"post_tag","embeddable":true,"href":"https:\/\/www.evearly.news\/fr\/wp-json\/wp\/v2\/tags?post=217084"}],"curies":[{"name":"wp","href":"https:\/\/api.w.org\/{rel}","templated":true}]}}