{"id":217357,"date":"2022-12-19T10:31:51","date_gmt":"2022-12-19T09:31:51","guid":{"rendered":"https:\/\/www.avere-france.org\/?p=13061"},"modified":"2022-12-19T10:31:51","modified_gmt":"2022-12-19T09:31:51","slug":"lavere-france-partenaire-de-levenement-drive-to-zero-du-06-au-08-avril-2023","status":"publish","type":"post","link":"https:\/\/www.evearly.news\/fr\/lavere-france-partenaire-de-levenement-drive-to-zero-du-06-au-08-avril-2023\/","title":{"rendered":"L\u2019Avere-France partenaire de l\u2019\u00e9v\u00e8nement Drive to Zero du 06 au 08 avril 2023"},"content":{"rendered":"<p><img decoding=\"async\" src=\"https:\/\/news.evearly.com\/wp-content\/uploads\/2022\/12\/lavere-france-partenaire-de-levenement-drive-to-zero-du-06-au-08-avril-2023.png\"><br \/>Alors que les projets permettant de mettre en place des syst\u00e8mes de mobilit\u00e9 plus durables murissent peu \u00e0 peu, la premi\u00e8re \u00e9dition de Drive to Zero, un salon d\u00e9di\u00e9 \u00e0 la promotion du d\u00e9ploiement de la mobilit\u00e9 bas carbone, aura lieu du 06 au 08 avril 2023 au Grand Palais Eph\u00e9m\u00e8re \u00e0 Paris. Et parce que la fili\u00e8re de la mobilit\u00e9 \u00e9lectrique poss\u00e8de de nombreux atouts pour r\u00e9pondre aux enjeux de d\u00e9carbonation des transports, l\u2019Avere-France, l\u2019association nationale pour le d\u00e9veloppement de la mobilit\u00e9 \u00e9lectrique, sera partenaire de l\u2019\u00e9v\u00e9nement. <a href=\"https:\/\/www.avere-france.org\/lavere-france-partenaire-de-levenement-drive-to-zero-du-06-au-08-avril-2023\/\" target='bwindow' rel=\"noopener\">Lire la suite&#8230;<\/a><\/p>\n","protected":false},"excerpt":{"rendered":"<p>&#8230; <a class=\"continue-reading-link\" href=\"https:\/\/www.evearly.news\/fr\/lavere-france-partenaire-de-levenement-drive-to-zero-du-06-au-08-avril-2023\/\"><\/a><\/p>\n","protected":false},"author":10,"featured_media":0,"comment_status":"closed","ping_status":"closed","sticky":false,"template":"Default","format":"standard","meta":{"footnotes":""},"categories":[9],"tags":[],"class_list":["post-217357","post","type-post","status-publish","format-standard","hentry","category-avere-france"],"_links":{"self":[{"href":"https:\/\/www.evearly.news\/fr\/wp-json\/wp\/v2\/posts\/217357","targetHints":{"allow":["GET"]}}],"collection":[{"href":"https:\/\/www.evearly.news\/fr\/wp-json\/wp\/v2\/posts"}],"about":[{"href":"https:\/\/www.evearly.news\/fr\/wp-json\/wp\/v2\/types\/post"}],"author":[{"embeddable":true,"href":"https:\/\/www.evearly.news\/fr\/wp-json\/wp\/v2\/users\/10"}],"replies":[{"embeddable":true,"href":"https:\/\/www.evearly.news\/fr\/wp-json\/wp\/v2\/comments?post=217357"}],"version-history":[{"count":0,"href":"https:\/\/www.evearly.news\/fr\/wp-json\/wp\/v2\/posts\/217357\/revisions"}],"wp:attachment":[{"href":"https:\/\/www.evearly.news\/fr\/wp-json\/wp\/v2\/media?parent=217357"}],"wp:term":[{"taxonomy":"category","embeddable":true,"href":"https:\/\/www.evearly.news\/fr\/wp-json\/wp\/v2\/categories?post=217357"},{"taxonomy":"post_tag","embeddable":true,"href":"https:\/\/www.evearly.news\/fr\/wp-json\/wp\/v2\/tags?post=217357"}],"curies":[{"name":"wp","href":"https:\/\/api.w.org\/{rel}","templated":true}]}}