{"id":217361,"date":"2022-12-21T10:13:10","date_gmt":"2022-12-21T09:13:10","guid":{"rendered":"https:\/\/www.avere-france.org\/?p=13163"},"modified":"2022-12-21T10:13:10","modified_gmt":"2022-12-21T09:13:10","slug":"face-a-la-crise-le-prix-des-batteries-augmente-pour-la-premiere-fois-depuis-2010","status":"publish","type":"post","link":"https:\/\/www.evearly.news\/fr\/face-a-la-crise-le-prix-des-batteries-augmente-pour-la-premiere-fois-depuis-2010\/","title":{"rendered":"Face \u00e0 la crise, le prix des batteries augmente pour la premi\u00e8re fois depuis 2010"},"content":{"rendered":"<p><img decoding=\"async\" src=\"https:\/\/news.evearly.com\/wp-content\/uploads\/2022\/12\/face-a-la-crise-le-prix-des-batteries-augmente-pour-la-premiere-fois-depuis-2010-1.jpg\"><br \/>Selon le dernier rapport de BloombergNEF (BNEF), l\u2019inflation et la flamb\u00e9e des prix des mati\u00e8res premi\u00e8res ont entra\u00een\u00e9 une hausse historique du prix des batteries en 2022. <a href=\"https:\/\/www.avere-france.org\/face-a-la-crise-le-prix-des-batteries-augmente-pour-la-premiere-fois-depuis-2010\/\" target='bwindow' rel=\"noopener\">Lire la suite&#8230;<\/a><\/p>\n","protected":false},"excerpt":{"rendered":"<p>&#8230; <a class=\"continue-reading-link\" href=\"https:\/\/www.evearly.news\/fr\/face-a-la-crise-le-prix-des-batteries-augmente-pour-la-premiere-fois-depuis-2010\/\"><\/a><\/p>\n","protected":false},"author":10,"featured_media":0,"comment_status":"closed","ping_status":"closed","sticky":false,"template":"Default","format":"standard","meta":{"footnotes":""},"categories":[9],"tags":[],"class_list":["post-217361","post","type-post","status-publish","format-standard","hentry","category-avere-france"],"_links":{"self":[{"href":"https:\/\/www.evearly.news\/fr\/wp-json\/wp\/v2\/posts\/217361","targetHints":{"allow":["GET"]}}],"collection":[{"href":"https:\/\/www.evearly.news\/fr\/wp-json\/wp\/v2\/posts"}],"about":[{"href":"https:\/\/www.evearly.news\/fr\/wp-json\/wp\/v2\/types\/post"}],"author":[{"embeddable":true,"href":"https:\/\/www.evearly.news\/fr\/wp-json\/wp\/v2\/users\/10"}],"replies":[{"embeddable":true,"href":"https:\/\/www.evearly.news\/fr\/wp-json\/wp\/v2\/comments?post=217361"}],"version-history":[{"count":0,"href":"https:\/\/www.evearly.news\/fr\/wp-json\/wp\/v2\/posts\/217361\/revisions"}],"wp:attachment":[{"href":"https:\/\/www.evearly.news\/fr\/wp-json\/wp\/v2\/media?parent=217361"}],"wp:term":[{"taxonomy":"category","embeddable":true,"href":"https:\/\/www.evearly.news\/fr\/wp-json\/wp\/v2\/categories?post=217361"},{"taxonomy":"post_tag","embeddable":true,"href":"https:\/\/www.evearly.news\/fr\/wp-json\/wp\/v2\/tags?post=217361"}],"curies":[{"name":"wp","href":"https:\/\/api.w.org\/{rel}","templated":true}]}}