{"id":217373,"date":"2022-12-14T11:29:49","date_gmt":"2022-12-14T10:29:49","guid":{"rendered":"https:\/\/www.avere-france.org\/?p=12954"},"modified":"2022-12-14T11:29:49","modified_gmt":"2022-12-14T10:29:49","slug":"milence-le-futur-reseau-de-recharge-rapide-des-poids-lourds-detaille-ses-ambitions","status":"publish","type":"post","link":"https:\/\/www.evearly.news\/fr\/milence-le-futur-reseau-de-recharge-rapide-des-poids-lourds-detaille-ses-ambitions\/","title":{"rendered":"Milence : le futur r\u00e9seau de recharge rapide des poids lourds d\u00e9taille ses ambitions"},"content":{"rendered":"<p><img decoding=\"async\" src=\"https:\/\/news.evearly.com\/wp-content\/uploads\/2022\/12\/milence-le-futur-reseau-de-recharge-rapide-des-poids-lourds-detaille-ses-ambitions.jpg\"><br \/>N\u00e9 d\u2019une joint-venture regroupant trois grands acteurs du secteur du poids lourd, le r\u00e9seau Milence entend faciliter la recharge des camions \u00e9lectriques le long des grands axes europ\u00e9ens. <a href=\"https:\/\/www.avere-france.org\/milence-le-futur-reseau-de-recharge-rapide-des-poids-lourds-detaille-ses-ambitions\/\" target='bwindow' rel=\"noopener\">Lire la suite&#8230;<\/a><\/p>\n","protected":false},"excerpt":{"rendered":"<p>&#8230; <a class=\"continue-reading-link\" href=\"https:\/\/www.evearly.news\/fr\/milence-le-futur-reseau-de-recharge-rapide-des-poids-lourds-detaille-ses-ambitions\/\"><\/a><\/p>\n","protected":false},"author":10,"featured_media":0,"comment_status":"closed","ping_status":"closed","sticky":false,"template":"Default","format":"standard","meta":{"footnotes":""},"categories":[9],"tags":[],"class_list":["post-217373","post","type-post","status-publish","format-standard","hentry","category-avere-france"],"_links":{"self":[{"href":"https:\/\/www.evearly.news\/fr\/wp-json\/wp\/v2\/posts\/217373","targetHints":{"allow":["GET"]}}],"collection":[{"href":"https:\/\/www.evearly.news\/fr\/wp-json\/wp\/v2\/posts"}],"about":[{"href":"https:\/\/www.evearly.news\/fr\/wp-json\/wp\/v2\/types\/post"}],"author":[{"embeddable":true,"href":"https:\/\/www.evearly.news\/fr\/wp-json\/wp\/v2\/users\/10"}],"replies":[{"embeddable":true,"href":"https:\/\/www.evearly.news\/fr\/wp-json\/wp\/v2\/comments?post=217373"}],"version-history":[{"count":0,"href":"https:\/\/www.evearly.news\/fr\/wp-json\/wp\/v2\/posts\/217373\/revisions"}],"wp:attachment":[{"href":"https:\/\/www.evearly.news\/fr\/wp-json\/wp\/v2\/media?parent=217373"}],"wp:term":[{"taxonomy":"category","embeddable":true,"href":"https:\/\/www.evearly.news\/fr\/wp-json\/wp\/v2\/categories?post=217373"},{"taxonomy":"post_tag","embeddable":true,"href":"https:\/\/www.evearly.news\/fr\/wp-json\/wp\/v2\/tags?post=217373"}],"curies":[{"name":"wp","href":"https:\/\/api.w.org\/{rel}","templated":true}]}}