{"id":217385,"date":"2022-11-29T11:00:21","date_gmt":"2022-11-29T10:00:21","guid":{"rendered":"https:\/\/www.avere-france.org\/?p=12635"},"modified":"2022-11-29T11:00:21","modified_gmt":"2022-11-29T10:00:21","slug":"le-fonds-dinvestissement-raise-impact-annonce-sa-participation-au-capital-de-waat-a-hauteur-de-30-millions-deuros","status":"publish","type":"post","link":"https:\/\/www.evearly.news\/fr\/le-fonds-dinvestissement-raise-impact-annonce-sa-participation-au-capital-de-waat-a-hauteur-de-30-millions-deuros\/","title":{"rendered":"Le fonds d\u2019investissement Raise Impact annonce sa participation au capital de WAAT \u00e0 hauteur de 30 millions d\u2019euros"},"content":{"rendered":"<p><img decoding=\"async\" src=\"https:\/\/news.evearly.com\/wp-content\/uploads\/2022\/12\/le-fonds-dinvestissement-raise-impact-annonce-sa-participation-au-capital-de-waat-a-hauteur-de-30-millions-deuros.jpg\"><br \/>Les projets en faveur de la mobilit\u00e9 \u00e9lectrique se poursuivent et, r\u00e9cemment, Raise Impact, le fonds d\u2019investissement accompagnant les entreprises engag\u00e9es dans la transition \u00e9cologique a investi 30 millions d\u2019euros dans l\u2019entreprise WAAT, adh\u00e9rente de l\u2019Avere-France et sp\u00e9cialis\u00e9e dans l\u2019installation, la maintenance et la supervision d\u2019infrastructures et de bornes de recharge. Le but de cet investissement est notamment de permettre la croissance de WAAT \u00e0 l\u2019\u00e9chelle nationale. <a href=\"https:\/\/www.avere-france.org\/le-fonds-dinvestissement-raise-impact-annonce-sa-participation-au-capital-de-waat-a-hauteur-de-30-millions-deuros\/\" target='bwindow' rel=\"noopener\">Lire la suite&#8230;<\/a><\/p>\n","protected":false},"excerpt":{"rendered":"<p>&#8230; <a class=\"continue-reading-link\" href=\"https:\/\/www.evearly.news\/fr\/le-fonds-dinvestissement-raise-impact-annonce-sa-participation-au-capital-de-waat-a-hauteur-de-30-millions-deuros\/\"><\/a><\/p>\n","protected":false},"author":10,"featured_media":0,"comment_status":"closed","ping_status":"closed","sticky":false,"template":"Default","format":"standard","meta":{"footnotes":""},"categories":[9],"tags":[],"class_list":["post-217385","post","type-post","status-publish","format-standard","hentry","category-avere-france"],"_links":{"self":[{"href":"https:\/\/www.evearly.news\/fr\/wp-json\/wp\/v2\/posts\/217385","targetHints":{"allow":["GET"]}}],"collection":[{"href":"https:\/\/www.evearly.news\/fr\/wp-json\/wp\/v2\/posts"}],"about":[{"href":"https:\/\/www.evearly.news\/fr\/wp-json\/wp\/v2\/types\/post"}],"author":[{"embeddable":true,"href":"https:\/\/www.evearly.news\/fr\/wp-json\/wp\/v2\/users\/10"}],"replies":[{"embeddable":true,"href":"https:\/\/www.evearly.news\/fr\/wp-json\/wp\/v2\/comments?post=217385"}],"version-history":[{"count":0,"href":"https:\/\/www.evearly.news\/fr\/wp-json\/wp\/v2\/posts\/217385\/revisions"}],"wp:attachment":[{"href":"https:\/\/www.evearly.news\/fr\/wp-json\/wp\/v2\/media?parent=217385"}],"wp:term":[{"taxonomy":"category","embeddable":true,"href":"https:\/\/www.evearly.news\/fr\/wp-json\/wp\/v2\/categories?post=217385"},{"taxonomy":"post_tag","embeddable":true,"href":"https:\/\/www.evearly.news\/fr\/wp-json\/wp\/v2\/tags?post=217385"}],"curies":[{"name":"wp","href":"https:\/\/api.w.org\/{rel}","templated":true}]}}