{"id":217410,"date":"2022-12-31T07:00:02","date_gmt":"2022-12-31T06:00:02","guid":{"rendered":"https:\/\/www.avem.fr\/?p=51609"},"modified":"2023-08-17T18:41:05","modified_gmt":"2023-08-17T18:41:05","slug":"bornes-de-recharge-le-groupement-les-mousquetaires-sassocie-a-izivia","status":"publish","type":"post","link":"https:\/\/www.evearly.news\/fr\/bornes-de-recharge-le-groupement-les-mousquetaires-sassocie-a-izivia\/","title":{"rendered":"Bornes de recharge : le Groupement Les Mousquetaires s\u2019associe \u00e0 IZIVIA"},"content":{"rendered":"<p><img decoding=\"async\" width=\"1000\" height=\"563\" src=\"https:\/\/news.evearly.com\/wp-content\/uploads\/2022\/12\/bornes-de-recharge-le-groupement-les-mousquetaires-sassocie-a-izivia.jpg\" class=\"attachment-post-thumbnail size-post-thumbnail wp-post-image\" alt=\"IZIVIA Les Mousquetaires\" loading=\"lazy\" \/>IZIVIA, filiale \u00e0 100% du Groupe EDF d\u00e9di\u00e9e \u00e0 la mobilit\u00e9 \u00e9lectrique, et le Groupement Les Mousquetaires viennent d\u2019annoncer le d\u00e9ploiement de solutions de recharge sur les parkings des diff\u00e9rentes enseignes du groupement. Pr\u00e8s de 550 points de charge sur les parkings des points de vente Mousquetaires Le Groupement Les [\u2026] <a href=\"https:\/\/www.avem.fr\/2022\/12\/31\/bornes-de-recharge-le-groupement-les-mousquetaires-sassocie-a-izivia\/\" target=\"blank\" rel=\"noopener\">Lire la suite&#8230;<\/a><\/p>\n","protected":false},"excerpt":{"rendered":"<p><img decoding=\"async\" width=\"1000\" height=\"563\" src=\"https:\/\/news.evearly.com\/wp-content\/uploads\/2022\/12\/bornes-de-recharge-le-groupement-les-mousquetaires-sassocie-a-izivia.jpg\" class=\"attachment-post-thumbnail size-post-thumbnail wp-post-image\" alt=\"IZIVIA Les Mousquetaires\" loading=\"lazy\" \/>IZIVIA, filiale \u00e0 100% du Groupe EDF d\u00e9di\u00e9e \u00e0 la mobilit\u00e9 \u00e9lectrique, et le Groupement Les Mousquetaires viennent d\u2019annoncer le d\u00e9ploiement de solutions de recharge sur les parkings des diff\u00e9rentes enseignes du groupement. Pr\u00e8s de 550 points de charge sur les parkings des points de vente Mousquetaires Le Groupement Les [\u2026] <a class=\"continue-reading-link\" href=\"https:\/\/www.evearly.news\/fr\/bornes-de-recharge-le-groupement-les-mousquetaires-sassocie-a-izivia\/\"><\/a><\/p>\n","protected":false},"author":3,"featured_media":0,"comment_status":"closed","ping_status":"closed","sticky":false,"template":"","format":"standard","meta":{"footnotes":""},"categories":[3],"tags":[],"class_list":["post-217410","post","type-post","status-publish","format-standard","hentry","category-avem"],"_links":{"self":[{"href":"https:\/\/www.evearly.news\/fr\/wp-json\/wp\/v2\/posts\/217410","targetHints":{"allow":["GET"]}}],"collection":[{"href":"https:\/\/www.evearly.news\/fr\/wp-json\/wp\/v2\/posts"}],"about":[{"href":"https:\/\/www.evearly.news\/fr\/wp-json\/wp\/v2\/types\/post"}],"author":[{"embeddable":true,"href":"https:\/\/www.evearly.news\/fr\/wp-json\/wp\/v2\/users\/3"}],"replies":[{"embeddable":true,"href":"https:\/\/www.evearly.news\/fr\/wp-json\/wp\/v2\/comments?post=217410"}],"version-history":[{"count":1,"href":"https:\/\/www.evearly.news\/fr\/wp-json\/wp\/v2\/posts\/217410\/revisions"}],"predecessor-version":[{"id":256472,"href":"https:\/\/www.evearly.news\/fr\/wp-json\/wp\/v2\/posts\/217410\/revisions\/256472"}],"wp:attachment":[{"href":"https:\/\/www.evearly.news\/fr\/wp-json\/wp\/v2\/media?parent=217410"}],"wp:term":[{"taxonomy":"category","embeddable":true,"href":"https:\/\/www.evearly.news\/fr\/wp-json\/wp\/v2\/categories?post=217410"},{"taxonomy":"post_tag","embeddable":true,"href":"https:\/\/www.evearly.news\/fr\/wp-json\/wp\/v2\/tags?post=217410"}],"curies":[{"name":"wp","href":"https:\/\/api.w.org\/{rel}","templated":true}]}}