{"id":217468,"date":"2023-01-01T13:27:03","date_gmt":"2023-01-01T12:27:03","guid":{"rendered":"https:\/\/www.automobile-propre.com\/?p=165656"},"modified":"2023-08-17T04:29:24","modified_gmt":"2023-08-17T04:29:24","slug":"calendrier-des-nouveautes-toutes-les-futures-skoda-electriques","status":"publish","type":"post","link":"https:\/\/www.evearly.news\/fr\/calendrier-des-nouveautes-toutes-les-futures-skoda-electriques\/","title":{"rendered":"Calendrier des nouveaut\u00e9s : toutes les futures Skoda \u00e9lectriques"},"content":{"rendered":"<p><img decoding=\"async\" width=\"500\" height=\"333\" src=\"https:\/\/news.evearly.com\/wp-content\/uploads\/2023\/01\/calendrier-des-nouveautes-toutes-les-futures-skoda-electriques.jpg\" class=\"attachment-186x124 size-186x124 wp-post-image\" alt=\"\" loading=\"lazy\" \/><br \/>\nTrois nouveaut\u00e9s \u00e9lectriques ont d\u00e9j\u00e0 \u00e9t\u00e9 confirm\u00e9es par Skoda : une citadine et deux SUV. Elles seront lanc\u00e9es d&rsquo;ici \u00e0\u2026 <a href=\"https:\/\/www.automobile-propre.com\/calendrier-des-nouveautes-toutes-les-futures-skoda-electriques\/\" target='bwindow' rel=\"noopener\">Lire la suite&#8230;<\/a><\/p>\n","protected":false},"excerpt":{"rendered":"<p>Trois nouveaut\u00e9s \u00e9lectriques ont d\u00e9j\u00e0 \u00e9t\u00e9 confirm\u00e9es par Skoda : une citadine et deux SUV. Elles seront lanc\u00e9es d&rsquo;ici \u00e0\u2026&#8230; <a class=\"continue-reading-link\" href=\"https:\/\/www.evearly.news\/fr\/calendrier-des-nouveautes-toutes-les-futures-skoda-electriques\/\"><\/a><\/p>\n","protected":false},"author":8,"featured_media":0,"comment_status":"closed","ping_status":"closed","sticky":false,"template":"","format":"standard","meta":{"footnotes":""},"categories":[8],"tags":[],"class_list":["post-217468","post","type-post","status-publish","format-standard","hentry","category-automobile-propre"],"_links":{"self":[{"href":"https:\/\/www.evearly.news\/fr\/wp-json\/wp\/v2\/posts\/217468","targetHints":{"allow":["GET"]}}],"collection":[{"href":"https:\/\/www.evearly.news\/fr\/wp-json\/wp\/v2\/posts"}],"about":[{"href":"https:\/\/www.evearly.news\/fr\/wp-json\/wp\/v2\/types\/post"}],"author":[{"embeddable":true,"href":"https:\/\/www.evearly.news\/fr\/wp-json\/wp\/v2\/users\/8"}],"replies":[{"embeddable":true,"href":"https:\/\/www.evearly.news\/fr\/wp-json\/wp\/v2\/comments?post=217468"}],"version-history":[{"count":1,"href":"https:\/\/www.evearly.news\/fr\/wp-json\/wp\/v2\/posts\/217468\/revisions"}],"predecessor-version":[{"id":252784,"href":"https:\/\/www.evearly.news\/fr\/wp-json\/wp\/v2\/posts\/217468\/revisions\/252784"}],"wp:attachment":[{"href":"https:\/\/www.evearly.news\/fr\/wp-json\/wp\/v2\/media?parent=217468"}],"wp:term":[{"taxonomy":"category","embeddable":true,"href":"https:\/\/www.evearly.news\/fr\/wp-json\/wp\/v2\/categories?post=217468"},{"taxonomy":"post_tag","embeddable":true,"href":"https:\/\/www.evearly.news\/fr\/wp-json\/wp\/v2\/tags?post=217468"}],"curies":[{"name":"wp","href":"https:\/\/api.w.org\/{rel}","templated":true}]}}