{"id":217577,"date":"2023-01-02T14:00:00","date_gmt":"2023-01-02T13:00:00","guid":{"rendered":"https:\/\/www.automobile-magazine.fr\/scoops\/article\/37167-renault-4-2025-et-si-cetait-elle-la-vraie-remplacante-de-la-twingo"},"modified":"2023-08-17T04:46:37","modified_gmt":"2023-08-17T04:46:37","slug":"renault-4-2025-et-si-cetait-elle-la-vraie-remplacante-de-la-twingo","status":"publish","type":"post","link":"https:\/\/www.evearly.news\/fr\/renault-4-2025-et-si-cetait-elle-la-vraie-remplacante-de-la-twingo\/","title":{"rendered":"Renault 4 (2025) et si c&rsquo;\u00e9tait elle la vraie rempla\u00e7ante de la Twingo ?"},"content":{"rendered":"<div class=\"media_block\"><img decoding=\"async\" src=\"https:\/\/news.evearly.com\/wp-content\/uploads\/2023\/01\/renault-4-2025-et-si-cetait-elle-la-vraie-remplacante-de-la-twingo.jpg\"><\/div>\n<p>Apr\u00e8s une Renault 5 \u00e9lectrique en 2024, la marque au losange enchainera avec une 4L, elle aussi watt\u00e9e, en 2025, qui adoptera un positionnement SUV. On vous dit tout d\u00e8s maintenant sur cette future R4 pas si n\u00e9o r\u00e9tro qu&rsquo;elle en a l&rsquo;air. <a href=\"https:\/\/www.automobile-magazine.fr\/scoops\/article\/37167-renault-4-2025-et-si-cetait-elle-la-vraie-remplacante-de-la-twingo\" target='bwindow' rel=\"noopener\">Lire la suite&#8230;<\/a><\/p>\n","protected":false},"excerpt":{"rendered":"<p>&#8230; <a class=\"continue-reading-link\" href=\"https:\/\/www.evearly.news\/fr\/renault-4-2025-et-si-cetait-elle-la-vraie-remplacante-de-la-twingo\/\"><\/a><\/p>\n","protected":false},"author":7,"featured_media":0,"comment_status":"closed","ping_status":"closed","sticky":false,"template":"","format":"standard","meta":{"footnotes":""},"categories":[7],"tags":[],"class_list":["post-217577","post","type-post","status-publish","format-standard","hentry","category-automobile-magazine"],"_links":{"self":[{"href":"https:\/\/www.evearly.news\/fr\/wp-json\/wp\/v2\/posts\/217577","targetHints":{"allow":["GET"]}}],"collection":[{"href":"https:\/\/www.evearly.news\/fr\/wp-json\/wp\/v2\/posts"}],"about":[{"href":"https:\/\/www.evearly.news\/fr\/wp-json\/wp\/v2\/types\/post"}],"author":[{"embeddable":true,"href":"https:\/\/www.evearly.news\/fr\/wp-json\/wp\/v2\/users\/7"}],"replies":[{"embeddable":true,"href":"https:\/\/www.evearly.news\/fr\/wp-json\/wp\/v2\/comments?post=217577"}],"version-history":[{"count":1,"href":"https:\/\/www.evearly.news\/fr\/wp-json\/wp\/v2\/posts\/217577\/revisions"}],"predecessor-version":[{"id":253244,"href":"https:\/\/www.evearly.news\/fr\/wp-json\/wp\/v2\/posts\/217577\/revisions\/253244"}],"wp:attachment":[{"href":"https:\/\/www.evearly.news\/fr\/wp-json\/wp\/v2\/media?parent=217577"}],"wp:term":[{"taxonomy":"category","embeddable":true,"href":"https:\/\/www.evearly.news\/fr\/wp-json\/wp\/v2\/categories?post=217577"},{"taxonomy":"post_tag","embeddable":true,"href":"https:\/\/www.evearly.news\/fr\/wp-json\/wp\/v2\/tags?post=217577"}],"curies":[{"name":"wp","href":"https:\/\/api.w.org\/{rel}","templated":true}]}}