{"id":217589,"date":"2023-01-02T14:27:00","date_gmt":"2023-01-02T13:27:00","guid":{"rendered":"http:\/\/tag:www.lesnumeriques.com,2004:2\/201865"},"modified":"2023-01-02T14:27:00","modified_gmt":"2023-01-02T13:27:00","slug":"actualite-le-top-20-des-voitures-electriques-les-plus-vendues-en-france-en-2022","status":"publish","type":"post","link":"https:\/\/www.evearly.news\/fr\/actualite-le-top-20-des-voitures-electriques-les-plus-vendues-en-france-en-2022\/","title":{"rendered":"Actualit\u00e9 : Le top 20 des voitures \u00e9lectriques les plus vendues en France en 2022"},"content":{"rendered":"<p><img decoding=\"async\" src=\"https:\/\/news.evearly.com\/wp-content\/uploads\/2023\/01\/actualite-le-top-20-des-voitures-electriques-les-plus-vendues-en-france-en-2022.jpg\" \/>Avec 202\u00a0935 v\u00e9hicules immatricul\u00e9s entre janvier et d\u00e9cembre 2022, le segment de la motorisation \u00e9lectrique est en hausse de 25\u00a0% par rapport \u00e0 2021. Au sommet du podium, la Peugeot e-208, la Dacia Spring et la Tesla Model\u00a03. <a href=\"https:\/\/www.lesnumeriques.com\/voiture\/le-top-20-des-voitures-electriques-les-plus-vendues-en-france-en-2022-n201865.html\" target='bwindow' rel=\"noopener\">Lire la suite&#8230;<\/a><\/p>\n","protected":false},"excerpt":{"rendered":"<p>Avec 202\u00a0935 v\u00e9hicules immatricul\u00e9s entre janvier et d\u00e9cembre 2022, le segment de la motorisation \u00e9lectrique est en hausse de 25\u00a0% par rapport \u00e0 2021. Au sommet du podium, la Peugeot e-208,&#8230; <a class=\"continue-reading-link\" href=\"https:\/\/www.evearly.news\/fr\/actualite-le-top-20-des-voitures-electriques-les-plus-vendues-en-france-en-2022\/\"><\/a><\/p>\n","protected":false},"author":15,"featured_media":0,"comment_status":"closed","ping_status":"closed","sticky":false,"template":"","format":"standard","meta":{"footnotes":""},"categories":[16],"tags":[],"class_list":["post-217589","post","type-post","status-publish","format-standard","hentry","category-lesnumeriques"],"_links":{"self":[{"href":"https:\/\/www.evearly.news\/fr\/wp-json\/wp\/v2\/posts\/217589","targetHints":{"allow":["GET"]}}],"collection":[{"href":"https:\/\/www.evearly.news\/fr\/wp-json\/wp\/v2\/posts"}],"about":[{"href":"https:\/\/www.evearly.news\/fr\/wp-json\/wp\/v2\/types\/post"}],"author":[{"embeddable":true,"href":"https:\/\/www.evearly.news\/fr\/wp-json\/wp\/v2\/users\/15"}],"replies":[{"embeddable":true,"href":"https:\/\/www.evearly.news\/fr\/wp-json\/wp\/v2\/comments?post=217589"}],"version-history":[{"count":0,"href":"https:\/\/www.evearly.news\/fr\/wp-json\/wp\/v2\/posts\/217589\/revisions"}],"wp:attachment":[{"href":"https:\/\/www.evearly.news\/fr\/wp-json\/wp\/v2\/media?parent=217589"}],"wp:term":[{"taxonomy":"category","embeddable":true,"href":"https:\/\/www.evearly.news\/fr\/wp-json\/wp\/v2\/categories?post=217589"},{"taxonomy":"post_tag","embeddable":true,"href":"https:\/\/www.evearly.news\/fr\/wp-json\/wp\/v2\/tags?post=217589"}],"curies":[{"name":"wp","href":"https:\/\/api.w.org\/{rel}","templated":true}]}}