{"id":217901,"date":"2023-01-03T19:03:26","date_gmt":"2023-01-03T18:03:26","guid":{"rendered":"https:\/\/www.automobile-propre.com\/?post_type=breves&#038;p=167280"},"modified":"2023-08-17T04:29:06","modified_gmt":"2023-08-17T04:29:06","slug":"tesla-condamne-pour-publicite-mensongere","status":"publish","type":"post","link":"https:\/\/www.evearly.news\/fr\/tesla-condamne-pour-publicite-mensongere\/","title":{"rendered":"Tesla condamn\u00e9 pour publicit\u00e9 mensong\u00e8re"},"content":{"rendered":"<p><img loading=\"lazy\" decoding=\"async\" width=\"500\" height=\"333\" src=\"https:\/\/news.evearly.com\/wp-content\/uploads\/2023\/01\/tesla-condamne-pour-publicite-mensongere.jpg\" class=\"attachment-186x124 size-186x124 wp-post-image\" alt=\"\" \/><br \/>\nEn Cor\u00e9e du Sud, la marque am\u00e9ricaine a \u00e9t\u00e9 condamn\u00e9e \u00e0 une amende de plus de 2 millions d\u2019euros pour n&rsquo;avoir pas \u00e9t\u00e9 suffisamment clair sur ses chiffres d&rsquo;autonomie. <a href=\"https:\/\/www.automobile-propre.com\/breves\/tesla-condamne-pour-publicite-mensongere\/\" target='bwindow' rel=\"noopener\">Lire la suite&#8230;<\/a><\/p>\n","protected":false},"excerpt":{"rendered":"<p>En Cor\u00e9e du Sud, la marque am\u00e9ricaine a \u00e9t\u00e9 condamn\u00e9e \u00e0 une amende de plus de 2 millions d\u2019euros pour n&rsquo;avoir pas \u00e9t\u00e9 suffisamment clair sur ses chiffres d&rsquo;autonomie&#8230;. <a class=\"continue-reading-link\" href=\"https:\/\/www.evearly.news\/fr\/tesla-condamne-pour-publicite-mensongere\/\"><\/a><\/p>\n","protected":false},"author":8,"featured_media":0,"comment_status":"closed","ping_status":"closed","sticky":false,"template":"","format":"standard","meta":{"footnotes":""},"categories":[8],"tags":[],"class_list":["post-217901","post","type-post","status-publish","format-standard","hentry","category-automobile-propre"],"_links":{"self":[{"href":"https:\/\/www.evearly.news\/fr\/wp-json\/wp\/v2\/posts\/217901","targetHints":{"allow":["GET"]}}],"collection":[{"href":"https:\/\/www.evearly.news\/fr\/wp-json\/wp\/v2\/posts"}],"about":[{"href":"https:\/\/www.evearly.news\/fr\/wp-json\/wp\/v2\/types\/post"}],"author":[{"embeddable":true,"href":"https:\/\/www.evearly.news\/fr\/wp-json\/wp\/v2\/users\/8"}],"replies":[{"embeddable":true,"href":"https:\/\/www.evearly.news\/fr\/wp-json\/wp\/v2\/comments?post=217901"}],"version-history":[{"count":1,"href":"https:\/\/www.evearly.news\/fr\/wp-json\/wp\/v2\/posts\/217901\/revisions"}],"predecessor-version":[{"id":252769,"href":"https:\/\/www.evearly.news\/fr\/wp-json\/wp\/v2\/posts\/217901\/revisions\/252769"}],"wp:attachment":[{"href":"https:\/\/www.evearly.news\/fr\/wp-json\/wp\/v2\/media?parent=217901"}],"wp:term":[{"taxonomy":"category","embeddable":true,"href":"https:\/\/www.evearly.news\/fr\/wp-json\/wp\/v2\/categories?post=217901"},{"taxonomy":"post_tag","embeddable":true,"href":"https:\/\/www.evearly.news\/fr\/wp-json\/wp\/v2\/tags?post=217901"}],"curies":[{"name":"wp","href":"https:\/\/api.w.org\/{rel}","templated":true}]}}