{"id":218012,"date":"2023-01-04T08:14:30","date_gmt":"2023-01-04T08:14:30","guid":{"rendered":"https:\/\/www.automobile-magazine.fr\/voitures-electriques\/article\/37194-ces-2023-volkswagen-annonce-sa-nouvelle-berline-electrique-id7"},"modified":"2023-08-18T02:51:41","modified_gmt":"2023-08-18T02:51:41","slug":"ces-2023-volkswagen-annonce-sa-nouvelle-berline-electrique-id-7","status":"publish","type":"post","link":"https:\/\/www.evearly.news\/fr\/ces-2023-volkswagen-annonce-sa-nouvelle-berline-electrique-id-7\/","title":{"rendered":"CES 2023 : Volkswagen annonce sa nouvelle berline \u00e9lectrique ID.7"},"content":{"rendered":"<div class=\"media_block\"><img decoding=\"async\" src=\"https:\/\/news.evearly.com\/wp-content\/uploads\/2023\/01\/ces-2023-volkswagen-annonce-sa-nouvelle-berline-electrique-id-7.jpg\"><\/div>\n<p>Au CES de Las Vegas, Volkswagen va d\u00e9voiler sa premi\u00e8re berline \u00e9lectrique, l&rsquo;ID.7. La marque allemande en d\u00e9voile d\u00e9j\u00e0 une bonne partie. <a href=\"https:\/\/www.automobile-magazine.fr\/voitures-electriques\/article\/37194-ces-2023-volkswagen-annonce-sa-nouvelle-berline-electrique-id7\" target='bwindow' rel=\"noopener\">Lire la suite&#8230;<\/a><\/p>\n","protected":false},"excerpt":{"rendered":"<p>&#8230; <a class=\"continue-reading-link\" href=\"https:\/\/www.evearly.news\/fr\/ces-2023-volkswagen-annonce-sa-nouvelle-berline-electrique-id-7\/\"><\/a><\/p>\n","protected":false},"author":8,"featured_media":0,"comment_status":"closed","ping_status":"closed","sticky":false,"template":"","format":"standard","meta":{"footnotes":""},"categories":[8],"tags":[],"class_list":["post-218012","post","type-post","status-publish","format-standard","hentry","category-automobile-propre"],"_links":{"self":[{"href":"https:\/\/www.evearly.news\/fr\/wp-json\/wp\/v2\/posts\/218012","targetHints":{"allow":["GET"]}}],"collection":[{"href":"https:\/\/www.evearly.news\/fr\/wp-json\/wp\/v2\/posts"}],"about":[{"href":"https:\/\/www.evearly.news\/fr\/wp-json\/wp\/v2\/types\/post"}],"author":[{"embeddable":true,"href":"https:\/\/www.evearly.news\/fr\/wp-json\/wp\/v2\/users\/8"}],"replies":[{"embeddable":true,"href":"https:\/\/www.evearly.news\/fr\/wp-json\/wp\/v2\/comments?post=218012"}],"version-history":[{"count":1,"href":"https:\/\/www.evearly.news\/fr\/wp-json\/wp\/v2\/posts\/218012\/revisions"}],"predecessor-version":[{"id":255823,"href":"https:\/\/www.evearly.news\/fr\/wp-json\/wp\/v2\/posts\/218012\/revisions\/255823"}],"wp:attachment":[{"href":"https:\/\/www.evearly.news\/fr\/wp-json\/wp\/v2\/media?parent=218012"}],"wp:term":[{"taxonomy":"category","embeddable":true,"href":"https:\/\/www.evearly.news\/fr\/wp-json\/wp\/v2\/categories?post=218012"},{"taxonomy":"post_tag","embeddable":true,"href":"https:\/\/www.evearly.news\/fr\/wp-json\/wp\/v2\/tags?post=218012"}],"curies":[{"name":"wp","href":"https:\/\/api.w.org\/{rel}","templated":true}]}}