{"id":218485,"date":"2023-01-06T09:02:35","date_gmt":"2023-01-06T08:02:35","guid":{"rendered":"https:\/\/www.automobile-propre.com\/?post_type=breves&#038;p=167496"},"modified":"2023-08-17T04:28:18","modified_gmt":"2023-08-17T04:28:18","slug":"la-lightyear-2-promet-800-km-dautonomie-pour-40-000-e-seulement","status":"publish","type":"post","link":"https:\/\/www.evearly.news\/fr\/la-lightyear-2-promet-800-km-dautonomie-pour-40-000-e-seulement\/","title":{"rendered":"La Lightyear 2 promet 800 km d\u2019autonomie pour 40 000 \u20ac seulement"},"content":{"rendered":"<p><img loading=\"lazy\" decoding=\"async\" width=\"500\" height=\"333\" src=\"https:\/\/news.evearly.com\/wp-content\/uploads\/2023\/01\/la-lightyear-2-promet-800-km-dautonomie-pour-40-000-e-seulement.jpg\" class=\"attachment-186x124 size-186x124 wp-post-image\" alt=\"Lightyear 2 (2023)\" \/><br \/>\nLe d\u00e9but de production de la Lightyear 0 \u00e9tant act\u00e9, la start-up n\u00e9erlandaise s&rsquo;engage sur son nouvel objectif, la Lightyear 2. La liste d&rsquo;attente pour ce second mod\u00e8le annonc\u00e9 \u00e0 40000\u20ac est ouvert. <a href=\"https:\/\/www.automobile-propre.com\/breves\/la-lightyear-2-promet-800-km-dautonomie-pour-40-000-e-seulement\/\" target='bwindow' rel=\"noopener\">Lire la suite&#8230;<\/a><\/p>\n","protected":false},"excerpt":{"rendered":"<p>Le d\u00e9but de production de la Lightyear 0 \u00e9tant act\u00e9, la start-up n\u00e9erlandaise s&rsquo;engage sur son nouvel objectif, la Lightyear 2. La liste d&rsquo;attente pour ce second mod\u00e8le annonc\u00e9 \u00e0 40000\u20ac est ouvert&#8230;. <a class=\"continue-reading-link\" href=\"https:\/\/www.evearly.news\/fr\/la-lightyear-2-promet-800-km-dautonomie-pour-40-000-e-seulement\/\"><\/a><\/p>\n","protected":false},"author":8,"featured_media":0,"comment_status":"closed","ping_status":"closed","sticky":false,"template":"","format":"standard","meta":{"footnotes":""},"categories":[8],"tags":[],"class_list":["post-218485","post","type-post","status-publish","format-standard","hentry","category-automobile-propre"],"_links":{"self":[{"href":"https:\/\/www.evearly.news\/fr\/wp-json\/wp\/v2\/posts\/218485","targetHints":{"allow":["GET"]}}],"collection":[{"href":"https:\/\/www.evearly.news\/fr\/wp-json\/wp\/v2\/posts"}],"about":[{"href":"https:\/\/www.evearly.news\/fr\/wp-json\/wp\/v2\/types\/post"}],"author":[{"embeddable":true,"href":"https:\/\/www.evearly.news\/fr\/wp-json\/wp\/v2\/users\/8"}],"replies":[{"embeddable":true,"href":"https:\/\/www.evearly.news\/fr\/wp-json\/wp\/v2\/comments?post=218485"}],"version-history":[{"count":1,"href":"https:\/\/www.evearly.news\/fr\/wp-json\/wp\/v2\/posts\/218485\/revisions"}],"predecessor-version":[{"id":252755,"href":"https:\/\/www.evearly.news\/fr\/wp-json\/wp\/v2\/posts\/218485\/revisions\/252755"}],"wp:attachment":[{"href":"https:\/\/www.evearly.news\/fr\/wp-json\/wp\/v2\/media?parent=218485"}],"wp:term":[{"taxonomy":"category","embeddable":true,"href":"https:\/\/www.evearly.news\/fr\/wp-json\/wp\/v2\/categories?post=218485"},{"taxonomy":"post_tag","embeddable":true,"href":"https:\/\/www.evearly.news\/fr\/wp-json\/wp\/v2\/tags?post=218485"}],"curies":[{"name":"wp","href":"https:\/\/api.w.org\/{rel}","templated":true}]}}