{"id":218488,"date":"2023-01-06T08:45:00","date_gmt":"2023-01-06T07:45:00","guid":{"rendered":"https:\/\/www.clubic.com\/bmw\/actualite-452547-avez-vous-deja-vu-une-bmw-changer-de-couleur-a-volonte-maintenant-oui.html"},"modified":"2023-01-06T08:45:00","modified_gmt":"2023-01-06T07:45:00","slug":"avez-vous-deja-vu-une-bmw-changer-de-couleur-a-volonte-maintenant-oui","status":"publish","type":"post","link":"https:\/\/www.evearly.news\/fr\/avez-vous-deja-vu-une-bmw-changer-de-couleur-a-volonte-maintenant-oui\/","title":{"rendered":"Avez-vous d\u00e9j\u00e0 vu une BMW changer de couleur \u00e0 volont\u00e9 ? Maintenant oui !"},"content":{"rendered":"<div class=\"media_block\"><img decoding=\"async\" src=\"https:\/\/news.evearly.com\/wp-content\/uploads\/2023\/01\/avez-vous-deja-vu-une-bmw-changer-de-couleur-a-volonte-maintenant-oui.jpg\"><\/div>\n<p>BMW pr\u00e9sente \u00e0 l&rsquo;occasion du CES de Las Vegas un concept-car capable d&rsquo;adopter de nombreuses couleurs.<a href=\"https:\/\/www.clubic.com\/bmw\/actualite-452547-avez-vous-deja-vu-une-bmw-changer-de-couleur-a-volonte-maintenant-oui.html\" target=\"blank\" rel=\"noopener\">Lire la suite&#8230;<\/a><\/p>\n","protected":false},"excerpt":{"rendered":"<p>&#8230; <a class=\"continue-reading-link\" href=\"https:\/\/www.evearly.news\/fr\/avez-vous-deja-vu-une-bmw-changer-de-couleur-a-volonte-maintenant-oui\/\"><\/a><\/p>\n","protected":false},"author":12,"featured_media":0,"comment_status":"closed","ping_status":"closed","sticky":false,"template":"Default","format":"standard","meta":{"footnotes":""},"categories":[12],"tags":[],"class_list":["post-218488","post","type-post","status-publish","format-standard","hentry","category-clubic"],"_links":{"self":[{"href":"https:\/\/www.evearly.news\/fr\/wp-json\/wp\/v2\/posts\/218488","targetHints":{"allow":["GET"]}}],"collection":[{"href":"https:\/\/www.evearly.news\/fr\/wp-json\/wp\/v2\/posts"}],"about":[{"href":"https:\/\/www.evearly.news\/fr\/wp-json\/wp\/v2\/types\/post"}],"author":[{"embeddable":true,"href":"https:\/\/www.evearly.news\/fr\/wp-json\/wp\/v2\/users\/12"}],"replies":[{"embeddable":true,"href":"https:\/\/www.evearly.news\/fr\/wp-json\/wp\/v2\/comments?post=218488"}],"version-history":[{"count":0,"href":"https:\/\/www.evearly.news\/fr\/wp-json\/wp\/v2\/posts\/218488\/revisions"}],"wp:attachment":[{"href":"https:\/\/www.evearly.news\/fr\/wp-json\/wp\/v2\/media?parent=218488"}],"wp:term":[{"taxonomy":"category","embeddable":true,"href":"https:\/\/www.evearly.news\/fr\/wp-json\/wp\/v2\/categories?post=218488"},{"taxonomy":"post_tag","embeddable":true,"href":"https:\/\/www.evearly.news\/fr\/wp-json\/wp\/v2\/tags?post=218488"}],"curies":[{"name":"wp","href":"https:\/\/api.w.org\/{rel}","templated":true}]}}