{"id":218506,"date":"2023-01-06T09:10:34","date_gmt":"2023-01-06T08:10:34","guid":{"rendered":"https:\/\/www.avere-france.org\/?p=13313"},"modified":"2023-01-06T09:10:34","modified_gmt":"2023-01-06T08:10:34","slug":"bonus-ecologique-et-prime-a-la-conversion-les-changements-pour-2023","status":"publish","type":"post","link":"https:\/\/www.evearly.news\/fr\/bonus-ecologique-et-prime-a-la-conversion-les-changements-pour-2023\/","title":{"rendered":"Bonus \u00e9cologique et prime \u00e0 la conversion : les changements pour 2023"},"content":{"rendered":"<p><img decoding=\"async\" src=\"https:\/\/news.evearly.com\/wp-content\/uploads\/2023\/01\/bonus-ecologique-et-prime-a-la-conversion-les-changements-pour-2023.jpg\"><br \/>Le d\u00e9cret modifiant les \u00e9volutions des aides \u00e0 l\u2019acquisition pour 2023 a \u00e9t\u00e9 <a href=\"https:\/\/fra01.safelinks.protection.outlook.com\/?url=https%3A%2F%2Fwww.legifrance.gouv.fr%2Fjorf%2Fid%2FJORFTEXT000046848201&amp;data=05%7C01%7Cadrien.ayffre%40avere-france.org%7C546af86850984e04c7af08daeb19eaca%7Cf49059ef3ffa4517a09b30cb0efc686c%7C0%7C0%7C638080793839140878%7CUnknown%7CTWFpbGZsb3d8eyJWIjoiMC4wLjAwMDAiLCJQIjoiV2luMzIiLCJBTiI6Ik1haWwiLCJXVCI6Mn0%3D%7C3000%7C%7C%7C&amp;sdata=w%2FkjzjchfeKesAvKp5zESdDg9RUZBeC9Am8Lf4zWAI8%3D&amp;reserved=0\">publi\u00e9<\/a> le 31 d\u00e9cembre 2022 au Journal Officiel. En sa qualit\u00e9 d\u2019association nationale pour le d\u00e9veloppement de la mobilit\u00e9 \u00e9lectrique, l\u2019Avere-France fait le point sur ces changements. <a href=\"https:\/\/www.avere-france.org\/bonus-ecologique-et-prime-a-la-conversion-les-changements-pour-2023\/\" target='bwindow' rel=\"noopener\">Lire la suite&#8230;<\/a><\/p>\n","protected":false},"excerpt":{"rendered":"<p>&#8230; <a class=\"continue-reading-link\" href=\"https:\/\/www.evearly.news\/fr\/bonus-ecologique-et-prime-a-la-conversion-les-changements-pour-2023\/\"><\/a><\/p>\n","protected":false},"author":10,"featured_media":0,"comment_status":"closed","ping_status":"closed","sticky":false,"template":"Default","format":"standard","meta":{"footnotes":""},"categories":[9],"tags":[],"class_list":["post-218506","post","type-post","status-publish","format-standard","hentry","category-avere-france"],"_links":{"self":[{"href":"https:\/\/www.evearly.news\/fr\/wp-json\/wp\/v2\/posts\/218506","targetHints":{"allow":["GET"]}}],"collection":[{"href":"https:\/\/www.evearly.news\/fr\/wp-json\/wp\/v2\/posts"}],"about":[{"href":"https:\/\/www.evearly.news\/fr\/wp-json\/wp\/v2\/types\/post"}],"author":[{"embeddable":true,"href":"https:\/\/www.evearly.news\/fr\/wp-json\/wp\/v2\/users\/10"}],"replies":[{"embeddable":true,"href":"https:\/\/www.evearly.news\/fr\/wp-json\/wp\/v2\/comments?post=218506"}],"version-history":[{"count":0,"href":"https:\/\/www.evearly.news\/fr\/wp-json\/wp\/v2\/posts\/218506\/revisions"}],"wp:attachment":[{"href":"https:\/\/www.evearly.news\/fr\/wp-json\/wp\/v2\/media?parent=218506"}],"wp:term":[{"taxonomy":"category","embeddable":true,"href":"https:\/\/www.evearly.news\/fr\/wp-json\/wp\/v2\/categories?post=218506"},{"taxonomy":"post_tag","embeddable":true,"href":"https:\/\/www.evearly.news\/fr\/wp-json\/wp\/v2\/tags?post=218506"}],"curies":[{"name":"wp","href":"https:\/\/api.w.org\/{rel}","templated":true}]}}