{"id":218515,"date":"2023-01-06T10:00:11","date_gmt":"2023-01-06T09:00:11","guid":{"rendered":"https:\/\/insideevs.fr\/news\/629648\/afeela-voitures-electriques-honda-sony\/"},"modified":"2023-01-06T10:00:11","modified_gmt":"2023-01-06T09:00:11","slug":"afeela-la-marque-electrique-de-honda-et-sony-se-devoile","status":"publish","type":"post","link":"https:\/\/www.evearly.news\/fr\/afeela-la-marque-electrique-de-honda-et-sony-se-devoile\/","title":{"rendered":"Afeela : la marque \u00e9lectrique de Honda et Sony se d\u00e9voile"},"content":{"rendered":"<div class=\"media_block\"><img decoding=\"async\" src=\"https:\/\/news.evearly.com\/wp-content\/uploads\/2023\/01\/afeela-la-marque-electrique-de-honda-et-sony-se-devoile.jpg\"><\/div>\n<p>Les v\u00e9hicules de Sony Honda Mobility seront commercialis\u00e9s sous la marque Afeela, qui a d\u00e9voil\u00e9 un premier prototype.<a href=\"https:\/\/insideevs.fr\/news\/629648\/afeela-voitures-electriques-honda-sony\/\" target=\"blank\" rel=\"noopener\"> Lire la suite&#8230;<\/a><\/p>\n","protected":false},"excerpt":{"rendered":"<div class=\"media_block\"><img decoding=\"async\" src=\"https:\/\/news.evearly.com\/wp-content\/uploads\/2023\/01\/afeela-la-marque-electrique-de-honda-et-sony-se-devoile.jpg\"><\/div>\n<p>Les v\u00e9hicules de Sony Honda Mobility seront commercialis\u00e9s sous la marque Afeela, qui a d\u00e9voil\u00e9 un premier prototype. <a class=\"continue-reading-link\" href=\"https:\/\/www.evearly.news\/fr\/afeela-la-marque-electrique-de-honda-et-sony-se-devoile\/\"><\/a><\/p>\n","protected":false},"author":14,"featured_media":0,"comment_status":"closed","ping_status":"closed","sticky":false,"template":"Default","format":"standard","meta":{"footnotes":""},"categories":[15],"tags":[],"class_list":["post-218515","post","type-post","status-publish","format-standard","hentry","category-insideevs"],"_links":{"self":[{"href":"https:\/\/www.evearly.news\/fr\/wp-json\/wp\/v2\/posts\/218515","targetHints":{"allow":["GET"]}}],"collection":[{"href":"https:\/\/www.evearly.news\/fr\/wp-json\/wp\/v2\/posts"}],"about":[{"href":"https:\/\/www.evearly.news\/fr\/wp-json\/wp\/v2\/types\/post"}],"author":[{"embeddable":true,"href":"https:\/\/www.evearly.news\/fr\/wp-json\/wp\/v2\/users\/14"}],"replies":[{"embeddable":true,"href":"https:\/\/www.evearly.news\/fr\/wp-json\/wp\/v2\/comments?post=218515"}],"version-history":[{"count":0,"href":"https:\/\/www.evearly.news\/fr\/wp-json\/wp\/v2\/posts\/218515\/revisions"}],"wp:attachment":[{"href":"https:\/\/www.evearly.news\/fr\/wp-json\/wp\/v2\/media?parent=218515"}],"wp:term":[{"taxonomy":"category","embeddable":true,"href":"https:\/\/www.evearly.news\/fr\/wp-json\/wp\/v2\/categories?post=218515"},{"taxonomy":"post_tag","embeddable":true,"href":"https:\/\/www.evearly.news\/fr\/wp-json\/wp\/v2\/tags?post=218515"}],"curies":[{"name":"wp","href":"https:\/\/api.w.org\/{rel}","templated":true}]}}