{"id":218518,"date":"2023-01-06T10:30:08","date_gmt":"2023-01-06T09:30:08","guid":{"rendered":"https:\/\/www.presse-citron.net\/?p=533009"},"modified":"2023-01-06T10:30:08","modified_gmt":"2023-01-06T09:30:08","slug":"chez-peugeot-le-futur-est-electrique-avec-son-nouveau-concept-car","status":"publish","type":"post","link":"https:\/\/www.evearly.news\/fr\/chez-peugeot-le-futur-est-electrique-avec-son-nouveau-concept-car\/","title":{"rendered":"Chez Peugeot, le futur est \u00e9lectrique avec son nouveau concept car"},"content":{"rendered":"<p><img loading=\"lazy\" decoding=\"async\" width=\"1400\" height=\"932\" src=\"https:\/\/news.evearly.com\/wp-content\/uploads\/2023\/01\/chez-peugeot-le-futur-est-electrique-avec-son-nouveau-concept-car.jpg\" class=\"attachment-full size-full wp-post-image\" alt=\"Peugeot Inception Concept\" \/><\/p>\n<p>Le CES est l\u2019occasion pour chaque constructeur automobile de briller. Peugeot a donc profit\u00e9 de cet \u00e9v\u00e9nement majeur pour pr\u00e9senter le Peugeot Inception, un concept car impressionnant.<a href=\"https:\/\/www.presse-citron.net\/chez-peugeot-le-futur-est-electrique-avec-son-nouveau-concept-car\/\" target='bwindow' rel=\"noopener\"> Lire la suite&#8230;<\/a><\/p>\n","protected":false},"excerpt":{"rendered":"<p>Le CES est l\u2019occasion pour chaque constructeur automobile de briller. Peugeot a donc profit\u00e9 de cet \u00e9v\u00e9nement majeur pour pr\u00e9senter le Peugeot Inception, un concept car impressionnant&#8230;. <a class=\"continue-reading-link\" href=\"https:\/\/www.evearly.news\/fr\/chez-peugeot-le-futur-est-electrique-avec-son-nouveau-concept-car\/\"><\/a><\/p>\n","protected":false},"author":18,"featured_media":0,"comment_status":"closed","ping_status":"closed","sticky":false,"template":"Default","format":"standard","meta":{"footnotes":""},"categories":[19],"tags":[],"class_list":["post-218518","post","type-post","status-publish","format-standard","hentry","category-presse-citron"],"_links":{"self":[{"href":"https:\/\/www.evearly.news\/fr\/wp-json\/wp\/v2\/posts\/218518","targetHints":{"allow":["GET"]}}],"collection":[{"href":"https:\/\/www.evearly.news\/fr\/wp-json\/wp\/v2\/posts"}],"about":[{"href":"https:\/\/www.evearly.news\/fr\/wp-json\/wp\/v2\/types\/post"}],"author":[{"embeddable":true,"href":"https:\/\/www.evearly.news\/fr\/wp-json\/wp\/v2\/users\/18"}],"replies":[{"embeddable":true,"href":"https:\/\/www.evearly.news\/fr\/wp-json\/wp\/v2\/comments?post=218518"}],"version-history":[{"count":0,"href":"https:\/\/www.evearly.news\/fr\/wp-json\/wp\/v2\/posts\/218518\/revisions"}],"wp:attachment":[{"href":"https:\/\/www.evearly.news\/fr\/wp-json\/wp\/v2\/media?parent=218518"}],"wp:term":[{"taxonomy":"category","embeddable":true,"href":"https:\/\/www.evearly.news\/fr\/wp-json\/wp\/v2\/categories?post=218518"},{"taxonomy":"post_tag","embeddable":true,"href":"https:\/\/www.evearly.news\/fr\/wp-json\/wp\/v2\/tags?post=218518"}],"curies":[{"name":"wp","href":"https:\/\/api.w.org\/{rel}","templated":true}]}}