{"id":218527,"date":"2023-01-06T10:16:39","date_gmt":"2023-01-06T09:16:39","guid":{"rendered":"https:\/\/www.avem.fr\/?p=51720"},"modified":"2023-08-17T18:40:58","modified_gmt":"2023-08-17T18:40:58","slug":"les-electriques-pesent-16-sur-les-ventes-de-voitures-kia-en-france","status":"publish","type":"post","link":"https:\/\/www.evearly.news\/fr\/les-electriques-pesent-16-sur-les-ventes-de-voitures-kia-en-france\/","title":{"rendered":"Les \u00e9lectriques p\u00e8sent 16 % sur les ventes de voitures Kia en France"},"content":{"rendered":"<p><img decoding=\"async\" width=\"1000\" height=\"563\" src=\"https:\/\/news.evearly.com\/wp-content\/uploads\/2023\/01\/les-electriques-pesent-16-sur-les-ventes-de-voitures-kia-en-france.jpg\" class=\"attachment-post-thumbnail size-post-thumbnail wp-post-image\" alt=\"Kia Niro EV\" loading=\"lazy\" \/>Pour le constructeur cor\u00e9en Kia, l\u2019ann\u00e9e 2022 aura \u00e9t\u00e9 marqu\u00e9e par l\u2019\u00e9tablissement de nouveaux records de ventes en France. \u00a0 En chiffres Alors que le march\u00e9 automobile a enregistr\u00e9 une baisse de 8 % l\u2019ann\u00e9e derni\u00e8re, Kia affiche au contraire une croissance de 4,5 %. Ce qui lui permet de [\u2026] <a href=\"https:\/\/www.avem.fr\/2023\/01\/06\/les-electriques-pesent-16-sur-les-ventes-de-voitures-kia-en-france\/\" target=\"blank\" rel=\"noopener\">Lire la suite&#8230;<\/a><\/p>\n","protected":false},"excerpt":{"rendered":"<p><img decoding=\"async\" width=\"1000\" height=\"563\" src=\"https:\/\/news.evearly.com\/wp-content\/uploads\/2023\/01\/les-electriques-pesent-16-sur-les-ventes-de-voitures-kia-en-france.jpg\" class=\"attachment-post-thumbnail size-post-thumbnail wp-post-image\" alt=\"Kia Niro EV\" loading=\"lazy\" \/>Pour le constructeur cor\u00e9en Kia, l\u2019ann\u00e9e 2022 aura \u00e9t\u00e9 marqu\u00e9e par l\u2019\u00e9tablissement de nouveaux records de ventes en France. \u00a0 En chiffres Alors que le march\u00e9 automobile a enregistr\u00e9 une baisse de 8 % l\u2019ann\u00e9e derni\u00e8re, Kia affiche au contraire une croissance de 4,5 %. Ce qui lui permet de [\u2026] <a class=\"continue-reading-link\" href=\"https:\/\/www.evearly.news\/fr\/les-electriques-pesent-16-sur-les-ventes-de-voitures-kia-en-france\/\"><\/a><\/p>\n","protected":false},"author":3,"featured_media":0,"comment_status":"closed","ping_status":"closed","sticky":false,"template":"","format":"standard","meta":{"footnotes":""},"categories":[3],"tags":[],"class_list":["post-218527","post","type-post","status-publish","format-standard","hentry","category-avem"],"_links":{"self":[{"href":"https:\/\/www.evearly.news\/fr\/wp-json\/wp\/v2\/posts\/218527","targetHints":{"allow":["GET"]}}],"collection":[{"href":"https:\/\/www.evearly.news\/fr\/wp-json\/wp\/v2\/posts"}],"about":[{"href":"https:\/\/www.evearly.news\/fr\/wp-json\/wp\/v2\/types\/post"}],"author":[{"embeddable":true,"href":"https:\/\/www.evearly.news\/fr\/wp-json\/wp\/v2\/users\/3"}],"replies":[{"embeddable":true,"href":"https:\/\/www.evearly.news\/fr\/wp-json\/wp\/v2\/comments?post=218527"}],"version-history":[{"count":1,"href":"https:\/\/www.evearly.news\/fr\/wp-json\/wp\/v2\/posts\/218527\/revisions"}],"predecessor-version":[{"id":256464,"href":"https:\/\/www.evearly.news\/fr\/wp-json\/wp\/v2\/posts\/218527\/revisions\/256464"}],"wp:attachment":[{"href":"https:\/\/www.evearly.news\/fr\/wp-json\/wp\/v2\/media?parent=218527"}],"wp:term":[{"taxonomy":"category","embeddable":true,"href":"https:\/\/www.evearly.news\/fr\/wp-json\/wp\/v2\/categories?post=218527"},{"taxonomy":"post_tag","embeddable":true,"href":"https:\/\/www.evearly.news\/fr\/wp-json\/wp\/v2\/tags?post=218527"}],"curies":[{"name":"wp","href":"https:\/\/api.w.org\/{rel}","templated":true}]}}