{"id":218643,"date":"2023-01-07T06:00:45","date_gmt":"2023-01-07T05:00:45","guid":{"rendered":"https:\/\/www.avem.fr\/?p=51728"},"modified":"2023-08-17T18:40:57","modified_gmt":"2023-08-17T18:40:57","slug":"peugeot-devoile-linception-concept-au-ces-de-las-vegas","status":"publish","type":"post","link":"https:\/\/www.evearly.news\/fr\/peugeot-devoile-linception-concept-au-ces-de-las-vegas\/","title":{"rendered":"Peugeot d\u00e9voile l\u2019Inception Concept au CES de Las Vegas"},"content":{"rendered":"<p><img decoding=\"async\" width=\"1000\" height=\"563\" src=\"https:\/\/news.evearly.com\/wp-content\/uploads\/2023\/01\/peugeot-devoile-linception-concept-au-ces-de-las-vegas.jpg\" class=\"attachment-post-thumbnail size-post-thumbnail wp-post-image\" alt=\"Peugeot Inception Concept CES\" loading=\"lazy\" \/>Peugeot a profit\u00e9 du CES de Las Vegas, le rendez-vous annuel de la technologie et de l\u2019innovation, pour pr\u00e9senter l\u2019Inception. Un concept-car qui entend ouvrir une nouvelle \u00e8re et incarne la vision de la marque pour ses futurs v\u00e9hicules \u00e9lectriques. L\u2019Inception Concept inspirera en effet ses futurs produits \u00e0 partir [\u2026] <a href=\"https:\/\/www.avem.fr\/2023\/01\/07\/peugeot-devoile-linception-concept-au-ces-de-las-vegas\/\" target=\"blank\" rel=\"noopener\">Lire la suite&#8230;<\/a><\/p>\n","protected":false},"excerpt":{"rendered":"<p><img decoding=\"async\" width=\"1000\" height=\"563\" src=\"https:\/\/news.evearly.com\/wp-content\/uploads\/2023\/01\/peugeot-devoile-linception-concept-au-ces-de-las-vegas.jpg\" class=\"attachment-post-thumbnail size-post-thumbnail wp-post-image\" alt=\"Peugeot Inception Concept CES\" loading=\"lazy\" \/>Peugeot a profit\u00e9 du CES de Las Vegas, le rendez-vous annuel de la technologie et de l\u2019innovation, pour pr\u00e9senter l\u2019Inception. Un concept-car qui entend ouvrir une nouvelle \u00e8re et incarne la vision de la marque pour ses futurs v\u00e9hicules \u00e9lectriques. L\u2019Inception Concept inspirera en effet ses futurs produits \u00e0 partir [\u2026] <a class=\"continue-reading-link\" href=\"https:\/\/www.evearly.news\/fr\/peugeot-devoile-linception-concept-au-ces-de-las-vegas\/\"><\/a><\/p>\n","protected":false},"author":3,"featured_media":0,"comment_status":"closed","ping_status":"closed","sticky":false,"template":"","format":"standard","meta":{"footnotes":""},"categories":[3],"tags":[],"class_list":["post-218643","post","type-post","status-publish","format-standard","hentry","category-avem"],"_links":{"self":[{"href":"https:\/\/www.evearly.news\/fr\/wp-json\/wp\/v2\/posts\/218643","targetHints":{"allow":["GET"]}}],"collection":[{"href":"https:\/\/www.evearly.news\/fr\/wp-json\/wp\/v2\/posts"}],"about":[{"href":"https:\/\/www.evearly.news\/fr\/wp-json\/wp\/v2\/types\/post"}],"author":[{"embeddable":true,"href":"https:\/\/www.evearly.news\/fr\/wp-json\/wp\/v2\/users\/3"}],"replies":[{"embeddable":true,"href":"https:\/\/www.evearly.news\/fr\/wp-json\/wp\/v2\/comments?post=218643"}],"version-history":[{"count":1,"href":"https:\/\/www.evearly.news\/fr\/wp-json\/wp\/v2\/posts\/218643\/revisions"}],"predecessor-version":[{"id":256463,"href":"https:\/\/www.evearly.news\/fr\/wp-json\/wp\/v2\/posts\/218643\/revisions\/256463"}],"wp:attachment":[{"href":"https:\/\/www.evearly.news\/fr\/wp-json\/wp\/v2\/media?parent=218643"}],"wp:term":[{"taxonomy":"category","embeddable":true,"href":"https:\/\/www.evearly.news\/fr\/wp-json\/wp\/v2\/categories?post=218643"},{"taxonomy":"post_tag","embeddable":true,"href":"https:\/\/www.evearly.news\/fr\/wp-json\/wp\/v2\/tags?post=218643"}],"curies":[{"name":"wp","href":"https:\/\/api.w.org\/{rel}","templated":true}]}}