{"id":218666,"date":"2023-01-07T11:15:26","date_gmt":"2023-01-07T10:15:26","guid":{"rendered":"https:\/\/www.automobile-propre.com\/?p=167637"},"modified":"2023-08-17T04:28:09","modified_gmt":"2023-08-17T04:28:09","slug":"bonus-ecologique-2023-pour-les-voitures-et-utilitaires-tout-ce-quil-faut-savoir","status":"publish","type":"post","link":"https:\/\/www.evearly.news\/fr\/bonus-ecologique-2023-pour-les-voitures-et-utilitaires-tout-ce-quil-faut-savoir\/","title":{"rendered":"Bonus \u00e9cologique 2023 pour les voitures et utilitaires : tout ce qu\u2019il faut savoir"},"content":{"rendered":"<p><img decoding=\"async\" width=\"500\" height=\"333\" src=\"https:\/\/news.evearly.com\/wp-content\/uploads\/2023\/01\/bonus-ecologique-2023-pour-les-voitures-et-utilitaires-tout-ce-quil-faut-savoir.jpg\" class=\"attachment-186x124 size-186x124 wp-post-image\" alt=\"Renault Megane e-Tech\" loading=\"lazy\" \/><br \/>\nLes r\u00e8gles du bonus \u00e9cologique ont chang\u00e9 en profondeur le 1er janvier 2023. Automobile-Propre vous dit quels v\u00e9hicules peuvent en\u2026 <a href=\"https:\/\/www.automobile-propre.com\/bonus-ecologique-2023-pour-les-voitures-et-utilitaires-tout-ce-quil-faut-savoir\/\" target='bwindow' rel=\"noopener\">Lire la suite&#8230;<\/a><\/p>\n","protected":false},"excerpt":{"rendered":"<p>Les r\u00e8gles du bonus \u00e9cologique ont chang\u00e9 en profondeur le 1er janvier 2023. Automobile-Propre vous dit quels v\u00e9hicules peuvent en\u2026&#8230; <a class=\"continue-reading-link\" href=\"https:\/\/www.evearly.news\/fr\/bonus-ecologique-2023-pour-les-voitures-et-utilitaires-tout-ce-quil-faut-savoir\/\"><\/a><\/p>\n","protected":false},"author":8,"featured_media":0,"comment_status":"closed","ping_status":"closed","sticky":false,"template":"","format":"standard","meta":{"footnotes":""},"categories":[8],"tags":[],"class_list":["post-218666","post","type-post","status-publish","format-standard","hentry","category-automobile-propre"],"_links":{"self":[{"href":"https:\/\/www.evearly.news\/fr\/wp-json\/wp\/v2\/posts\/218666","targetHints":{"allow":["GET"]}}],"collection":[{"href":"https:\/\/www.evearly.news\/fr\/wp-json\/wp\/v2\/posts"}],"about":[{"href":"https:\/\/www.evearly.news\/fr\/wp-json\/wp\/v2\/types\/post"}],"author":[{"embeddable":true,"href":"https:\/\/www.evearly.news\/fr\/wp-json\/wp\/v2\/users\/8"}],"replies":[{"embeddable":true,"href":"https:\/\/www.evearly.news\/fr\/wp-json\/wp\/v2\/comments?post=218666"}],"version-history":[{"count":1,"href":"https:\/\/www.evearly.news\/fr\/wp-json\/wp\/v2\/posts\/218666\/revisions"}],"predecessor-version":[{"id":252749,"href":"https:\/\/www.evearly.news\/fr\/wp-json\/wp\/v2\/posts\/218666\/revisions\/252749"}],"wp:attachment":[{"href":"https:\/\/www.evearly.news\/fr\/wp-json\/wp\/v2\/media?parent=218666"}],"wp:term":[{"taxonomy":"category","embeddable":true,"href":"https:\/\/www.evearly.news\/fr\/wp-json\/wp\/v2\/categories?post=218666"},{"taxonomy":"post_tag","embeddable":true,"href":"https:\/\/www.evearly.news\/fr\/wp-json\/wp\/v2\/tags?post=218666"}],"curies":[{"name":"wp","href":"https:\/\/api.w.org\/{rel}","templated":true}]}}