{"id":218723,"date":"2023-01-07T17:45:00","date_gmt":"2023-01-07T16:45:00","guid":{"rendered":"https:\/\/news.evearly.com\/voiture-de-lannee-2023-le-suv-electrique-nissan-ariya-apres-une-leaf-precurseur\/"},"modified":"2023-08-17T04:46:25","modified_gmt":"2023-08-17T04:46:25","slug":"voiture-de-lannee-2023-le-suv-electrique-nissan-ariya-apres-une-leaf-precurseur","status":"publish","type":"post","link":"https:\/\/www.evearly.news\/fr\/voiture-de-lannee-2023-le-suv-electrique-nissan-ariya-apres-une-leaf-precurseur\/","title":{"rendered":"Voiture de l\u2019ann\u00e9e 2023 : le SUV \u00e9lectrique Nissan Ariya apr\u00e8s une Leaf pr\u00e9curseur ?"},"content":{"rendered":"<div class=\"media_block\"><img decoding=\"async\" src=\"https:\/\/news.evearly.com\/wp-content\/uploads\/2023\/01\/voiture-de-lannee-2023-le-suv-electrique-nissan-ariya-apres-une-leaf-precurseur.jpg\"><\/div>\n<p>La voiture de l\u2019ann\u00e9e 2023 sera connue dans moins d\u2019une semaine et L\u2019Automobile Magazine, co-fondateur, s\u2019est donc lanc\u00e9 dans le d\u00e9compte en pr\u00e9sentant chaque jour une des sept finalistes. Au tour du Nissan Ariya. <a href=\"https:\/\/www.automobile-magazine.fr\/toute-lactualite-de-lelection-de-la-voiture-de-lannee\/article\/37242-voiture-de-lannee-2023-le-suv-electrique-ariya-apres-une-leaf-precurseur\" target='bwindow' rel=\"noopener\">Lire la suite&#8230;<\/a><\/p>\n","protected":false},"excerpt":{"rendered":"<p>&#8230; <a class=\"continue-reading-link\" href=\"https:\/\/www.evearly.news\/fr\/voiture-de-lannee-2023-le-suv-electrique-nissan-ariya-apres-une-leaf-precurseur\/\"><\/a><\/p>\n","protected":false},"author":7,"featured_media":0,"comment_status":"closed","ping_status":"closed","sticky":false,"template":"","format":"standard","meta":{"footnotes":""},"categories":[7],"tags":[],"class_list":["post-218723","post","type-post","status-publish","format-standard","hentry","category-automobile-magazine"],"_links":{"self":[{"href":"https:\/\/www.evearly.news\/fr\/wp-json\/wp\/v2\/posts\/218723","targetHints":{"allow":["GET"]}}],"collection":[{"href":"https:\/\/www.evearly.news\/fr\/wp-json\/wp\/v2\/posts"}],"about":[{"href":"https:\/\/www.evearly.news\/fr\/wp-json\/wp\/v2\/types\/post"}],"author":[{"embeddable":true,"href":"https:\/\/www.evearly.news\/fr\/wp-json\/wp\/v2\/users\/7"}],"replies":[{"embeddable":true,"href":"https:\/\/www.evearly.news\/fr\/wp-json\/wp\/v2\/comments?post=218723"}],"version-history":[{"count":1,"href":"https:\/\/www.evearly.news\/fr\/wp-json\/wp\/v2\/posts\/218723\/revisions"}],"predecessor-version":[{"id":253234,"href":"https:\/\/www.evearly.news\/fr\/wp-json\/wp\/v2\/posts\/218723\/revisions\/253234"}],"wp:attachment":[{"href":"https:\/\/www.evearly.news\/fr\/wp-json\/wp\/v2\/media?parent=218723"}],"wp:term":[{"taxonomy":"category","embeddable":true,"href":"https:\/\/www.evearly.news\/fr\/wp-json\/wp\/v2\/categories?post=218723"},{"taxonomy":"post_tag","embeddable":true,"href":"https:\/\/www.evearly.news\/fr\/wp-json\/wp\/v2\/tags?post=218723"}],"curies":[{"name":"wp","href":"https:\/\/api.w.org\/{rel}","templated":true}]}}