{"id":218738,"date":"2023-01-08T09:05:57","date_gmt":"2023-01-08T08:05:57","guid":{"rendered":"https:\/\/news.evearly.com\/yangwang-u9-la-supercar-electrique-une-nouvelle-specialite-chinoise\/"},"modified":"2023-08-17T04:28:07","modified_gmt":"2023-08-17T04:28:07","slug":"yangwang-u9-la-supercar-electrique-une-nouvelle-specialite-chinoise","status":"publish","type":"post","link":"https:\/\/www.evearly.news\/fr\/yangwang-u9-la-supercar-electrique-une-nouvelle-specialite-chinoise\/","title":{"rendered":"Yangwang U9 : la supercar \u00e9lectrique, une nouvelle sp\u00e9cialit\u00e9 chinoise ?"},"content":{"rendered":"<p><img loading=\"lazy\" decoding=\"async\" width=\"500\" height=\"333\" src=\"https:\/\/news.evearly.com\/wp-content\/uploads\/2023\/01\/yangwang-u9-la-supercar-electrique-une-nouvelle-specialite-chinoise.jpg\" class=\"attachment-186x124 size-186x124 wp-post-image\" alt=\"Yangwang U9 (2023)\" \/><br \/>\nPour lancer sa nouvelle marque de prestige, BYD a vu les choses en grand. Le SUV U8 n&rsquo;est pas seul \u00e0 porter l&rsquo;image de la marque. Le coup\u00e9 \u00e9lectrique Yangwang U9 viendra l&rsquo;\u00e9pauler, et ce n&rsquo;est pas un concept-car. <a href=\"https:\/\/www.automobile-propre.com\/yangwang-u9-la-supercar-electrique-une-nouvelle-specialite-chinoise\/\" target='bwindow' rel=\"noopener\">Lire la suite&#8230;<\/a><\/p>\n","protected":false},"excerpt":{"rendered":"<p>Pour lancer sa nouvelle marque de prestige, BYD a vu les choses en grand. Le SUV U8 n&rsquo;est pas seul \u00e0 porter l&rsquo;image de la marque. Le coup\u00e9 \u00e9lectrique Yangwang U9 viendra l&rsquo;\u00e9pauler, et ce n&rsquo;est pas un concept-car&#8230;. <a class=\"continue-reading-link\" href=\"https:\/\/www.evearly.news\/fr\/yangwang-u9-la-supercar-electrique-une-nouvelle-specialite-chinoise\/\"><\/a><\/p>\n","protected":false},"author":8,"featured_media":0,"comment_status":"closed","ping_status":"closed","sticky":false,"template":"","format":"standard","meta":{"footnotes":""},"categories":[8],"tags":[],"class_list":["post-218738","post","type-post","status-publish","format-standard","hentry","category-automobile-propre"],"_links":{"self":[{"href":"https:\/\/www.evearly.news\/fr\/wp-json\/wp\/v2\/posts\/218738","targetHints":{"allow":["GET"]}}],"collection":[{"href":"https:\/\/www.evearly.news\/fr\/wp-json\/wp\/v2\/posts"}],"about":[{"href":"https:\/\/www.evearly.news\/fr\/wp-json\/wp\/v2\/types\/post"}],"author":[{"embeddable":true,"href":"https:\/\/www.evearly.news\/fr\/wp-json\/wp\/v2\/users\/8"}],"replies":[{"embeddable":true,"href":"https:\/\/www.evearly.news\/fr\/wp-json\/wp\/v2\/comments?post=218738"}],"version-history":[{"count":1,"href":"https:\/\/www.evearly.news\/fr\/wp-json\/wp\/v2\/posts\/218738\/revisions"}],"predecessor-version":[{"id":252747,"href":"https:\/\/www.evearly.news\/fr\/wp-json\/wp\/v2\/posts\/218738\/revisions\/252747"}],"wp:attachment":[{"href":"https:\/\/www.evearly.news\/fr\/wp-json\/wp\/v2\/media?parent=218738"}],"wp:term":[{"taxonomy":"category","embeddable":true,"href":"https:\/\/www.evearly.news\/fr\/wp-json\/wp\/v2\/categories?post=218738"},{"taxonomy":"post_tag","embeddable":true,"href":"https:\/\/www.evearly.news\/fr\/wp-json\/wp\/v2\/tags?post=218738"}],"curies":[{"name":"wp","href":"https:\/\/api.w.org\/{rel}","templated":true}]}}