{"id":218818,"date":"2023-01-08T17:16:35","date_gmt":"2023-01-08T16:16:35","guid":{"rendered":"https:\/\/news.evearly.com\/lestrema-fulminea-veut-decrocher-un-record-sur-le-nurburgring-avec-votre-aide-financiere\/"},"modified":"2023-08-17T04:28:02","modified_gmt":"2023-08-17T04:28:02","slug":"lestrema-fulminea-veut-decrocher-un-record-sur-le-nurburgring-avec-votre-aide-financiere","status":"publish","type":"post","link":"https:\/\/www.evearly.news\/fr\/lestrema-fulminea-veut-decrocher-un-record-sur-le-nurburgring-avec-votre-aide-financiere\/","title":{"rendered":"L\u2019Estrema Fulminea veut d\u00e9crocher un record sur le N\u00fcrburgring, avec votre aide financi\u00e8re"},"content":{"rendered":"<p><img loading=\"lazy\" decoding=\"async\" width=\"500\" height=\"333\" src=\"https:\/\/news.evearly.com\/wp-content\/uploads\/2023\/01\/lestrema-fulminea-veut-decrocher-un-record-sur-le-nurburgring-avec-votre-aide-financiere.jpg\" class=\"attachment-186x124 size-186x124 wp-post-image\" alt=\"Estrema Fulminea\" \/><br \/>\nL\u2019Estrema Fulminea veut \u00eatre la meilleure des supercars \u00e9lectriques, et compte bien le prouver avec une performance sur le N\u00fcrburgring. <a href=\"https:\/\/www.automobile-propre.com\/breves\/lestrema-fulminea-veut-decrocher-un-record-sur-le-nurburgring-avec-votre-aide-financiere\/\" target='bwindow' rel=\"noopener\">Lire la suite&#8230;<\/a><\/p>\n","protected":false},"excerpt":{"rendered":"<p>L\u2019Estrema Fulminea veut \u00eatre la meilleure des supercars \u00e9lectriques, et compte bien le prouver avec une performance sur le N\u00fcrburgring&#8230;. <a class=\"continue-reading-link\" href=\"https:\/\/www.evearly.news\/fr\/lestrema-fulminea-veut-decrocher-un-record-sur-le-nurburgring-avec-votre-aide-financiere\/\"><\/a><\/p>\n","protected":false},"author":8,"featured_media":0,"comment_status":"closed","ping_status":"closed","sticky":false,"template":"","format":"standard","meta":{"footnotes":""},"categories":[8],"tags":[],"class_list":["post-218818","post","type-post","status-publish","format-standard","hentry","category-automobile-propre"],"_links":{"self":[{"href":"https:\/\/www.evearly.news\/fr\/wp-json\/wp\/v2\/posts\/218818","targetHints":{"allow":["GET"]}}],"collection":[{"href":"https:\/\/www.evearly.news\/fr\/wp-json\/wp\/v2\/posts"}],"about":[{"href":"https:\/\/www.evearly.news\/fr\/wp-json\/wp\/v2\/types\/post"}],"author":[{"embeddable":true,"href":"https:\/\/www.evearly.news\/fr\/wp-json\/wp\/v2\/users\/8"}],"replies":[{"embeddable":true,"href":"https:\/\/www.evearly.news\/fr\/wp-json\/wp\/v2\/comments?post=218818"}],"version-history":[{"count":1,"href":"https:\/\/www.evearly.news\/fr\/wp-json\/wp\/v2\/posts\/218818\/revisions"}],"predecessor-version":[{"id":252744,"href":"https:\/\/www.evearly.news\/fr\/wp-json\/wp\/v2\/posts\/218818\/revisions\/252744"}],"wp:attachment":[{"href":"https:\/\/www.evearly.news\/fr\/wp-json\/wp\/v2\/media?parent=218818"}],"wp:term":[{"taxonomy":"category","embeddable":true,"href":"https:\/\/www.evearly.news\/fr\/wp-json\/wp\/v2\/categories?post=218818"},{"taxonomy":"post_tag","embeddable":true,"href":"https:\/\/www.evearly.news\/fr\/wp-json\/wp\/v2\/tags?post=218818"}],"curies":[{"name":"wp","href":"https:\/\/api.w.org\/{rel}","templated":true}]}}