{"id":218956,"date":"2023-01-09T11:47:22","date_gmt":"2023-01-09T10:47:22","guid":{"rendered":"https:\/\/news.evearly.com\/lavere-france-est-partenaire-du-salon-bepositive-et-de-son-pole-ecomobilite-dedie-a-lexposition-de-solutions-innovantes-dans-le-secteur-de-la-mobilite\/"},"modified":"2023-01-09T11:47:22","modified_gmt":"2023-01-09T10:47:22","slug":"lavere-france-est-partenaire-du-salon-bepositive-et-de-son-pole-ecomobilite-dedie-a-lexposition-de-solutions-innovantes-dans-le-secteur-de-la-mobilite","status":"publish","type":"post","link":"https:\/\/www.evearly.news\/fr\/lavere-france-est-partenaire-du-salon-bepositive-et-de-son-pole-ecomobilite-dedie-a-lexposition-de-solutions-innovantes-dans-le-secteur-de-la-mobilite\/","title":{"rendered":"L\u2019Avere-France est partenaire du salon BePositive et de son p\u00f4le \u00ab\u00a0Ecomobilit\u00e9\u00a0\u00bb d\u00e9di\u00e9 \u00e0 l\u2019exposition de solutions innovantes dans le secteur de la mobilit\u00e9"},"content":{"rendered":"<p><img decoding=\"async\" src=\"https:\/\/news.evearly.com\/wp-content\/uploads\/2023\/01\/lavere-france-est-partenaire-du-salon-bepositive-et-de-son-pole-ecomobilite-dedie-a-lexposition-de-solutions-innovantes-dans-le-secteur-de-la-mobilite.png\"><br \/>Afin de r\u00e9pondre aux d\u00e9fis climatiques actuels, les projets en mati\u00e8re de transition \u00e9nerg\u00e9tique sont en pleine expansion. Dans le but d\u2019exposer des solutions de transition \u00e9nerg\u00e9tique toujours plus innovantes, le salon BePositive aura lieu du 21 au 23 mars 2022 \u00e0 Lyon, Euro Expo.\u00a0L\u2019Avere-France, l\u2019association nationale pour le d\u00e9veloppement de la mobilit\u00e9 \u00e9lectrique, sera d\u2019ailleurs partenaire de l\u2019\u00e9v\u00e8nement. <a href=\"https:\/\/www.avere-france.org\/lavere-france-est-partenaire-du-salon-bepositive-et-de-son-pole-ecomobilite-dedie-a-lexposition-de-solutions-innovantes-dans-le-secteur-de-la-mobilite\/\" target='bwindow' rel=\"noopener\">Lire la suite&#8230;<\/a><\/p>\n","protected":false},"excerpt":{"rendered":"<p>&#8230; <a class=\"continue-reading-link\" href=\"https:\/\/www.evearly.news\/fr\/lavere-france-est-partenaire-du-salon-bepositive-et-de-son-pole-ecomobilite-dedie-a-lexposition-de-solutions-innovantes-dans-le-secteur-de-la-mobilite\/\"><\/a><\/p>\n","protected":false},"author":10,"featured_media":0,"comment_status":"closed","ping_status":"closed","sticky":false,"template":"Default","format":"standard","meta":{"footnotes":""},"categories":[9],"tags":[],"class_list":["post-218956","post","type-post","status-publish","format-standard","hentry","category-avere-france"],"_links":{"self":[{"href":"https:\/\/www.evearly.news\/fr\/wp-json\/wp\/v2\/posts\/218956","targetHints":{"allow":["GET"]}}],"collection":[{"href":"https:\/\/www.evearly.news\/fr\/wp-json\/wp\/v2\/posts"}],"about":[{"href":"https:\/\/www.evearly.news\/fr\/wp-json\/wp\/v2\/types\/post"}],"author":[{"embeddable":true,"href":"https:\/\/www.evearly.news\/fr\/wp-json\/wp\/v2\/users\/10"}],"replies":[{"embeddable":true,"href":"https:\/\/www.evearly.news\/fr\/wp-json\/wp\/v2\/comments?post=218956"}],"version-history":[{"count":0,"href":"https:\/\/www.evearly.news\/fr\/wp-json\/wp\/v2\/posts\/218956\/revisions"}],"wp:attachment":[{"href":"https:\/\/www.evearly.news\/fr\/wp-json\/wp\/v2\/media?parent=218956"}],"wp:term":[{"taxonomy":"category","embeddable":true,"href":"https:\/\/www.evearly.news\/fr\/wp-json\/wp\/v2\/categories?post=218956"},{"taxonomy":"post_tag","embeddable":true,"href":"https:\/\/www.evearly.news\/fr\/wp-json\/wp\/v2\/tags?post=218956"}],"curies":[{"name":"wp","href":"https:\/\/api.w.org\/{rel}","templated":true}]}}