{"id":219270,"date":"2023-01-10T13:47:23","date_gmt":"2023-01-10T12:47:23","guid":{"rendered":"https:\/\/news.evearly.com\/conduite-autonome-tesla-fsd-ce-tweet-de-elon-musk-ne-passe-pas-aupres-des-autorites\/"},"modified":"2023-08-17T04:27:52","modified_gmt":"2023-08-17T04:27:52","slug":"conduite-autonome-tesla-fsd-ce-tweet-de-elon-musk-ne-passe-pas-aupres-des-autorites","status":"publish","type":"post","link":"https:\/\/www.evearly.news\/fr\/conduite-autonome-tesla-fsd-ce-tweet-de-elon-musk-ne-passe-pas-aupres-des-autorites\/","title":{"rendered":"Conduite \u00ab\u00a0autonome\u00a0\u00bb Tesla FSD : ce tweet de Elon Musk ne passe pas aupr\u00e8s des autorit\u00e9s"},"content":{"rendered":"<p><img decoding=\"async\" width=\"500\" height=\"333\" src=\"https:\/\/news.evearly.com\/wp-content\/uploads\/2023\/01\/conduite-autonome-tesla-fsd-ce-tweet-de-elon-musk-ne-passe-pas-aupres-des-autorites.png\" class=\"attachment-186x124 size-186x124 wp-post-image\" alt=\"Tesla Model 3 Autopilot\" loading=\"lazy\" \/><br \/>\nUn tweet d&rsquo;Elon Musk a de nouveau d\u00e9clench\u00e9 la pagaille chez Tesla. L&rsquo;autorit\u00e9 des transports va enqu\u00eater sur ses propos au sujet du FSD. <a href=\"https:\/\/www.automobile-propre.com\/breves\/conduite-autonome-tesla-fsd-ce-tweet-de-elon-musk-ne-passe-pas-aupres-des-autorites\/\" target='bwindow' rel=\"noopener\">Lire la suite&#8230;<\/a><\/p>\n","protected":false},"excerpt":{"rendered":"<p>Un tweet d&rsquo;Elon Musk a de nouveau d\u00e9clench\u00e9 la pagaille chez Tesla. L&rsquo;autorit\u00e9 des transports va enqu\u00eater sur ses propos au sujet du FSD. Lire la suite&#8230;&#8230; <a class=\"continue-reading-link\" href=\"https:\/\/www.evearly.news\/fr\/conduite-autonome-tesla-fsd-ce-tweet-de-elon-musk-ne-passe-pas-aupres-des-autorites\/\"><\/a><\/p>\n","protected":false},"author":8,"featured_media":0,"comment_status":"closed","ping_status":"closed","sticky":false,"template":"","format":"standard","meta":{"footnotes":""},"categories":[8],"tags":[],"class_list":["post-219270","post","type-post","status-publish","format-standard","hentry","category-automobile-propre"],"_links":{"self":[{"href":"https:\/\/www.evearly.news\/fr\/wp-json\/wp\/v2\/posts\/219270","targetHints":{"allow":["GET"]}}],"collection":[{"href":"https:\/\/www.evearly.news\/fr\/wp-json\/wp\/v2\/posts"}],"about":[{"href":"https:\/\/www.evearly.news\/fr\/wp-json\/wp\/v2\/types\/post"}],"author":[{"embeddable":true,"href":"https:\/\/www.evearly.news\/fr\/wp-json\/wp\/v2\/users\/8"}],"replies":[{"embeddable":true,"href":"https:\/\/www.evearly.news\/fr\/wp-json\/wp\/v2\/comments?post=219270"}],"version-history":[{"count":1,"href":"https:\/\/www.evearly.news\/fr\/wp-json\/wp\/v2\/posts\/219270\/revisions"}],"predecessor-version":[{"id":252734,"href":"https:\/\/www.evearly.news\/fr\/wp-json\/wp\/v2\/posts\/219270\/revisions\/252734"}],"wp:attachment":[{"href":"https:\/\/www.evearly.news\/fr\/wp-json\/wp\/v2\/media?parent=219270"}],"wp:term":[{"taxonomy":"category","embeddable":true,"href":"https:\/\/www.evearly.news\/fr\/wp-json\/wp\/v2\/categories?post=219270"},{"taxonomy":"post_tag","embeddable":true,"href":"https:\/\/www.evearly.news\/fr\/wp-json\/wp\/v2\/tags?post=219270"}],"curies":[{"name":"wp","href":"https:\/\/api.w.org\/{rel}","templated":true}]}}