{"id":219425,"date":"2023-01-11T12:00:00","date_gmt":"2023-01-11T11:00:00","guid":{"rendered":"https:\/\/news.evearly.com\/suzuki-le-concept-evx-annonce-la-toute-premiere-electrique\/"},"modified":"2023-08-17T04:46:17","modified_gmt":"2023-08-17T04:46:17","slug":"suzuki-le-concept-evx-annonce-la-toute-premiere-electrique","status":"publish","type":"post","link":"https:\/\/www.evearly.news\/fr\/suzuki-le-concept-evx-annonce-la-toute-premiere-electrique\/","title":{"rendered":"Suzuki : le concept eVX annonce la toute premi\u00e8re \u00e9lectrique"},"content":{"rendered":"<div class=\"media_block\"><img decoding=\"async\" src=\"https:\/\/news.evearly.com\/wp-content\/uploads\/2023\/01\/suzuki-le-concept-evx-annonce-la-toute-premiere-electrique.jpg\"><\/div>\n<p>Suzuki n&rsquo;a pas encore lanc\u00e9 de v\u00e9hicule 100 % \u00e9lectrique. La marque nippone est tout de m\u00eame sur la voie avec ce premier concept. <a href=\"https:\/\/www.automobile-magazine.fr\/voitures-electriques\/article\/37284-suzuki-le-concept-evx-annonce-la-toute-premiere-electrique\" target='bwindow' rel=\"noopener\">Lire la suite&#8230;<\/a><\/p>\n","protected":false},"excerpt":{"rendered":"<p>&#8230; <a class=\"continue-reading-link\" href=\"https:\/\/www.evearly.news\/fr\/suzuki-le-concept-evx-annonce-la-toute-premiere-electrique\/\"><\/a><\/p>\n","protected":false},"author":7,"featured_media":0,"comment_status":"closed","ping_status":"closed","sticky":false,"template":"","format":"standard","meta":{"footnotes":""},"categories":[7],"tags":[],"class_list":["post-219425","post","type-post","status-publish","format-standard","hentry","category-automobile-magazine"],"_links":{"self":[{"href":"https:\/\/www.evearly.news\/fr\/wp-json\/wp\/v2\/posts\/219425","targetHints":{"allow":["GET"]}}],"collection":[{"href":"https:\/\/www.evearly.news\/fr\/wp-json\/wp\/v2\/posts"}],"about":[{"href":"https:\/\/www.evearly.news\/fr\/wp-json\/wp\/v2\/types\/post"}],"author":[{"embeddable":true,"href":"https:\/\/www.evearly.news\/fr\/wp-json\/wp\/v2\/users\/7"}],"replies":[{"embeddable":true,"href":"https:\/\/www.evearly.news\/fr\/wp-json\/wp\/v2\/comments?post=219425"}],"version-history":[{"count":1,"href":"https:\/\/www.evearly.news\/fr\/wp-json\/wp\/v2\/posts\/219425\/revisions"}],"predecessor-version":[{"id":253226,"href":"https:\/\/www.evearly.news\/fr\/wp-json\/wp\/v2\/posts\/219425\/revisions\/253226"}],"wp:attachment":[{"href":"https:\/\/www.evearly.news\/fr\/wp-json\/wp\/v2\/media?parent=219425"}],"wp:term":[{"taxonomy":"category","embeddable":true,"href":"https:\/\/www.evearly.news\/fr\/wp-json\/wp\/v2\/categories?post=219425"},{"taxonomy":"post_tag","embeddable":true,"href":"https:\/\/www.evearly.news\/fr\/wp-json\/wp\/v2\/tags?post=219425"}],"curies":[{"name":"wp","href":"https:\/\/api.w.org\/{rel}","templated":true}]}}