{"id":219656,"date":"2023-01-12T11:00:37","date_gmt":"2023-01-12T10:00:37","guid":{"rendered":"https:\/\/news.evearly.com\/appel-a-candidatures-partagez-votre-quotidien-en-citroen-ami\/"},"modified":"2023-08-17T04:27:40","modified_gmt":"2023-08-17T04:27:40","slug":"appel-a-candidatures-partagez-votre-quotidien-en-citroen-ami","status":"publish","type":"post","link":"https:\/\/www.evearly.news\/fr\/appel-a-candidatures-partagez-votre-quotidien-en-citroen-ami\/","title":{"rendered":"Appel \u00e0 candidatures : Partagez votre quotidien en Citro\u00ebn AMI"},"content":{"rendered":"<p><img loading=\"lazy\" decoding=\"async\" width=\"500\" height=\"333\" src=\"https:\/\/news.evearly.com\/wp-content\/uploads\/2023\/01\/appel-a-candidatures-partagez-votre-quotidien-en-citroen-ami.jpg\" class=\"attachment-186x124 size-186x124 wp-post-image\" alt=\"\" \/><br \/>\nEn partenariat avec Citro\u00ebn, Automobile-Propre lance \u00ab\u00a0Ma Vie en AMI\u00a0\u00bb, une s\u00e9rie de vid\u00e9os courtes visant \u00e0 mettre en avant les propri\u00e9taires de la citadine \u00e9lectrique sans permis. Vous souhaitez participer ? Prenez quelques minutes pour remplir notre appel \u00e0 candidatures. <a href=\"https:\/\/www.automobile-propre.com\/appel-a-temoins-votre-quotidien-en-citroen-ami\/\" target='bwindow' rel=\"noopener\">Lire la suite&#8230;<\/a><\/p>\n","protected":false},"excerpt":{"rendered":"<p>En partenariat avec Citro\u00ebn, Automobile-Propre lance \u00ab\u00a0Ma Vie en AMI\u00a0\u00bb, une s\u00e9rie de vid\u00e9os courtes visant \u00e0 mettre en avant les propri\u00e9taires de la citadine \u00e9lectrique sans permis. Vous souhaitez participer ? Prenez quelques minutes pour remplir notre appel \u00e0 candidatures. Lire la suite&#8230;&#8230; <a class=\"continue-reading-link\" href=\"https:\/\/www.evearly.news\/fr\/appel-a-candidatures-partagez-votre-quotidien-en-citroen-ami\/\"><\/a><\/p>\n","protected":false},"author":8,"featured_media":0,"comment_status":"closed","ping_status":"closed","sticky":false,"template":"","format":"standard","meta":{"footnotes":""},"categories":[8],"tags":[],"class_list":["post-219656","post","type-post","status-publish","format-standard","hentry","category-automobile-propre"],"_links":{"self":[{"href":"https:\/\/www.evearly.news\/fr\/wp-json\/wp\/v2\/posts\/219656","targetHints":{"allow":["GET"]}}],"collection":[{"href":"https:\/\/www.evearly.news\/fr\/wp-json\/wp\/v2\/posts"}],"about":[{"href":"https:\/\/www.evearly.news\/fr\/wp-json\/wp\/v2\/types\/post"}],"author":[{"embeddable":true,"href":"https:\/\/www.evearly.news\/fr\/wp-json\/wp\/v2\/users\/8"}],"replies":[{"embeddable":true,"href":"https:\/\/www.evearly.news\/fr\/wp-json\/wp\/v2\/comments?post=219656"}],"version-history":[{"count":1,"href":"https:\/\/www.evearly.news\/fr\/wp-json\/wp\/v2\/posts\/219656\/revisions"}],"predecessor-version":[{"id":252724,"href":"https:\/\/www.evearly.news\/fr\/wp-json\/wp\/v2\/posts\/219656\/revisions\/252724"}],"wp:attachment":[{"href":"https:\/\/www.evearly.news\/fr\/wp-json\/wp\/v2\/media?parent=219656"}],"wp:term":[{"taxonomy":"category","embeddable":true,"href":"https:\/\/www.evearly.news\/fr\/wp-json\/wp\/v2\/categories?post=219656"},{"taxonomy":"post_tag","embeddable":true,"href":"https:\/\/www.evearly.news\/fr\/wp-json\/wp\/v2\/tags?post=219656"}],"curies":[{"name":"wp","href":"https:\/\/api.w.org\/{rel}","templated":true}]}}