{"id":219659,"date":"2023-01-12T10:14:44","date_gmt":"2023-01-12T09:14:44","guid":{"rendered":"https:\/\/news.evearly.com\/byd-seagull-les-premieres-photos-de-la-citadine-electrique-chinoise\/"},"modified":"2023-08-17T04:27:41","modified_gmt":"2023-08-17T04:27:41","slug":"byd-seagull-les-premieres-photos-de-la-citadine-electrique-chinoise","status":"publish","type":"post","link":"https:\/\/www.evearly.news\/fr\/byd-seagull-les-premieres-photos-de-la-citadine-electrique-chinoise\/","title":{"rendered":"BYD Seagull : les premi\u00e8res photos de la citadine \u00e9lectrique chinoise"},"content":{"rendered":"<p><img decoding=\"async\" width=\"500\" height=\"333\" src=\"https:\/\/news.evearly.com\/wp-content\/uploads\/2023\/01\/byd-seagull-les-premieres-photos-de-la-citadine-electrique-chinoise.jpg\" class=\"attachment-186x124 size-186x124 wp-post-image\" alt=\"BYD Seagull (2023)\" loading=\"lazy\" \/><br \/>\nLongtemps confidentielles, les petites voitures se multiplient en Chine. BYD ne compte pas rester sur le bord du chemin et lancera cette ann\u00e9e la Seagull, dont les premi\u00e8res photos ont \u00e9t\u00e9 publi\u00e9es en Chine. <a href=\"https:\/\/www.automobile-propre.com\/breves\/byd-seagull-les-premieres-photos-de-la-citadine-electrique-chinoise\/\" target='bwindow' rel=\"noopener\">Lire la suite&#8230;<\/a><\/p>\n","protected":false},"excerpt":{"rendered":"<p>Longtemps confidentielles, les petites voitures se multiplient en Chine. BYD ne compte pas rester sur le bord du chemin et lancera cette ann\u00e9e la Seagull, dont les premi\u00e8res photos ont \u00e9t\u00e9 publi\u00e9es en Chine. Lire la suite&#8230;&#8230; <a class=\"continue-reading-link\" href=\"https:\/\/www.evearly.news\/fr\/byd-seagull-les-premieres-photos-de-la-citadine-electrique-chinoise\/\"><\/a><\/p>\n","protected":false},"author":8,"featured_media":0,"comment_status":"closed","ping_status":"closed","sticky":false,"template":"","format":"standard","meta":{"footnotes":""},"categories":[8],"tags":[],"class_list":["post-219659","post","type-post","status-publish","format-standard","hentry","category-automobile-propre"],"_links":{"self":[{"href":"https:\/\/www.evearly.news\/fr\/wp-json\/wp\/v2\/posts\/219659","targetHints":{"allow":["GET"]}}],"collection":[{"href":"https:\/\/www.evearly.news\/fr\/wp-json\/wp\/v2\/posts"}],"about":[{"href":"https:\/\/www.evearly.news\/fr\/wp-json\/wp\/v2\/types\/post"}],"author":[{"embeddable":true,"href":"https:\/\/www.evearly.news\/fr\/wp-json\/wp\/v2\/users\/8"}],"replies":[{"embeddable":true,"href":"https:\/\/www.evearly.news\/fr\/wp-json\/wp\/v2\/comments?post=219659"}],"version-history":[{"count":1,"href":"https:\/\/www.evearly.news\/fr\/wp-json\/wp\/v2\/posts\/219659\/revisions"}],"predecessor-version":[{"id":252725,"href":"https:\/\/www.evearly.news\/fr\/wp-json\/wp\/v2\/posts\/219659\/revisions\/252725"}],"wp:attachment":[{"href":"https:\/\/www.evearly.news\/fr\/wp-json\/wp\/v2\/media?parent=219659"}],"wp:term":[{"taxonomy":"category","embeddable":true,"href":"https:\/\/www.evearly.news\/fr\/wp-json\/wp\/v2\/categories?post=219659"},{"taxonomy":"post_tag","embeddable":true,"href":"https:\/\/www.evearly.news\/fr\/wp-json\/wp\/v2\/tags?post=219659"}],"curies":[{"name":"wp","href":"https:\/\/api.w.org\/{rel}","templated":true}]}}