{"id":219680,"date":"2023-01-12T10:15:39","date_gmt":"2023-01-12T09:15:39","guid":{"rendered":"https:\/\/news.evearly.com\/suzuki-evx-concept-la-premiere-suzuki-electrique-arrivera-en-2025\/"},"modified":"2023-01-12T10:15:39","modified_gmt":"2023-01-12T09:15:39","slug":"suzuki-evx-concept-la-premiere-suzuki-electrique-arrivera-en-2025","status":"publish","type":"post","link":"https:\/\/www.evearly.news\/fr\/suzuki-evx-concept-la-premiere-suzuki-electrique-arrivera-en-2025\/","title":{"rendered":"Suzuki eVX Concept : la premi\u00e8re Suzuki \u00e9lectrique arrivera en 2025"},"content":{"rendered":"<p><img decoding=\"async\" src=\"https:\/\/news.evearly.com\/wp-content\/uploads\/2023\/01\/suzuki-evx-concept-la-premiere-suzuki-electrique-arrivera-en-2025.jpg\" \/> Le concept-car eVX annonce l\u2019arriv\u00e9e du premier mod\u00e8le \u00e9lectrique de Suzuki\u00a0: un SUV citadin dont la version de s\u00e9rie est pr\u00e9vue pour 2025. <a href=\"https:\/\/www.caradisiac.com\/suzuki-evx-concept-la-premiere-suzuki-electrique-arrivera-en-2025-200185.htm#xtor=RSS-40\" target=\"blank\" rel=\"noopener\">Lire la suite&#8230;<\/a><\/p>\n","protected":false},"excerpt":{"rendered":"<p><img decoding=\"async\" src=\"https:\/\/news.evearly.com\/wp-content\/uploads\/2023\/01\/suzuki-evx-concept-la-premiere-suzuki-electrique-arrivera-en-2025.jpg\" \/> Le concept-car eVX annonce l\u2019arriv\u00e9e du premier mod\u00e8le \u00e9lectrique de Suzuki\u00a0: un SUV citadin dont la version de s\u00e9rie est pr\u00e9vue pour 2025.<\/p>\n<p> <a class=\"continue-reading-link\" href=\"https:\/\/www.evearly.news\/fr\/suzuki-evx-concept-la-premiere-suzuki-electrique-arrivera-en-2025\/\"><\/a><\/p>\n","protected":false},"author":11,"featured_media":0,"comment_status":"closed","ping_status":"closed","sticky":false,"template":"Default","format":"standard","meta":{"footnotes":""},"categories":[11],"tags":[],"class_list":["post-219680","post","type-post","status-publish","format-standard","hentry","category-caradisiac"],"_links":{"self":[{"href":"https:\/\/www.evearly.news\/fr\/wp-json\/wp\/v2\/posts\/219680","targetHints":{"allow":["GET"]}}],"collection":[{"href":"https:\/\/www.evearly.news\/fr\/wp-json\/wp\/v2\/posts"}],"about":[{"href":"https:\/\/www.evearly.news\/fr\/wp-json\/wp\/v2\/types\/post"}],"author":[{"embeddable":true,"href":"https:\/\/www.evearly.news\/fr\/wp-json\/wp\/v2\/users\/11"}],"replies":[{"embeddable":true,"href":"https:\/\/www.evearly.news\/fr\/wp-json\/wp\/v2\/comments?post=219680"}],"version-history":[{"count":0,"href":"https:\/\/www.evearly.news\/fr\/wp-json\/wp\/v2\/posts\/219680\/revisions"}],"wp:attachment":[{"href":"https:\/\/www.evearly.news\/fr\/wp-json\/wp\/v2\/media?parent=219680"}],"wp:term":[{"taxonomy":"category","embeddable":true,"href":"https:\/\/www.evearly.news\/fr\/wp-json\/wp\/v2\/categories?post=219680"},{"taxonomy":"post_tag","embeddable":true,"href":"https:\/\/www.evearly.news\/fr\/wp-json\/wp\/v2\/tags?post=219680"}],"curies":[{"name":"wp","href":"https:\/\/api.w.org\/{rel}","templated":true}]}}