{"id":220349,"date":"2023-01-16T12:05:16","date_gmt":"2023-01-16T11:05:16","guid":{"rendered":"https:\/\/news.evearly.com\/les-nouveaux-adherents-de-lavere-france-en-2022\/"},"modified":"2023-01-16T12:05:16","modified_gmt":"2023-01-16T11:05:16","slug":"les-nouveaux-adherents-de-lavere-france-en-2022","status":"publish","type":"post","link":"https:\/\/www.evearly.news\/fr\/les-nouveaux-adherents-de-lavere-france-en-2022\/","title":{"rendered":"Les nouveaux adh\u00e9rents de l\u2019Avere-France en 2022"},"content":{"rendered":"<p><img decoding=\"async\" src=\"https:\/\/news.evearly.com\/wp-content\/uploads\/2023\/01\/les-nouveaux-adherents-de-lavere-france-en-2022.jpg\"><br \/>En tant qu\u2019association nationale pour le d\u00e9veloppement de la mobilit\u00e9 \u00e9lectrique, l\u2019Avere-France repr\u00e9sente l\u2019\u00e9cosyst\u00e8me de la mobilit\u00e9 \u00e9lectrique et compte plus de 230 adh\u00e9rents. Gr\u00e2ce \u00e0 leur expertise et \u00e0 leurs activit\u00e9s, ils contribuent au d\u00e9veloppement de la fili\u00e8re et sont de plus en plus nombreux \u00e0 nous rejoindre ! Retour en article sur les nouveaux adh\u00e9rents de l\u2019Avere-France depuis le d\u00e9but de l\u2019ann\u00e9e. <a href=\"https:\/\/www.avere-france.org\/les-nouveaux-adherents-de-lavere-france-en-2022\/\" target='bwindow' rel=\"noopener\">Lire la suite&#8230;<\/a><\/p>\n","protected":false},"excerpt":{"rendered":"<p>&#8230; <a class=\"continue-reading-link\" href=\"https:\/\/www.evearly.news\/fr\/les-nouveaux-adherents-de-lavere-france-en-2022\/\"><\/a><\/p>\n","protected":false},"author":10,"featured_media":0,"comment_status":"closed","ping_status":"closed","sticky":false,"template":"Default","format":"standard","meta":{"footnotes":""},"categories":[9],"tags":[],"class_list":["post-220349","post","type-post","status-publish","format-standard","hentry","category-avere-france"],"_links":{"self":[{"href":"https:\/\/www.evearly.news\/fr\/wp-json\/wp\/v2\/posts\/220349","targetHints":{"allow":["GET"]}}],"collection":[{"href":"https:\/\/www.evearly.news\/fr\/wp-json\/wp\/v2\/posts"}],"about":[{"href":"https:\/\/www.evearly.news\/fr\/wp-json\/wp\/v2\/types\/post"}],"author":[{"embeddable":true,"href":"https:\/\/www.evearly.news\/fr\/wp-json\/wp\/v2\/users\/10"}],"replies":[{"embeddable":true,"href":"https:\/\/www.evearly.news\/fr\/wp-json\/wp\/v2\/comments?post=220349"}],"version-history":[{"count":0,"href":"https:\/\/www.evearly.news\/fr\/wp-json\/wp\/v2\/posts\/220349\/revisions"}],"wp:attachment":[{"href":"https:\/\/www.evearly.news\/fr\/wp-json\/wp\/v2\/media?parent=220349"}],"wp:term":[{"taxonomy":"category","embeddable":true,"href":"https:\/\/www.evearly.news\/fr\/wp-json\/wp\/v2\/categories?post=220349"},{"taxonomy":"post_tag","embeddable":true,"href":"https:\/\/www.evearly.news\/fr\/wp-json\/wp\/v2\/tags?post=220349"}],"curies":[{"name":"wp","href":"https:\/\/api.w.org\/{rel}","templated":true}]}}