{"id":220916,"date":"2023-01-18T14:39:00","date_gmt":"2023-01-18T13:39:00","guid":{"rendered":"https:\/\/news.evearly.com\/actualite-hertz-et-uber-annoncent-le-deploiement-de-25-000-tesla-et-polestar\/"},"modified":"2023-01-18T14:39:00","modified_gmt":"2023-01-18T13:39:00","slug":"actualite-hertz-et-uber-annoncent-le-deploiement-de-25-000-tesla-et-polestar","status":"publish","type":"post","link":"https:\/\/www.evearly.news\/fr\/actualite-hertz-et-uber-annoncent-le-deploiement-de-25-000-tesla-et-polestar\/","title":{"rendered":"Actualit\u00e9 : Hertz et Uber annoncent le d\u00e9ploiement de 25\u00a0000\u00a0Tesla et Polestar"},"content":{"rendered":"<p><img decoding=\"async\" src=\"https:\/\/news.evearly.com\/wp-content\/uploads\/2023\/01\/actualite-hertz-et-uber-annoncent-le-deploiement-de-25-000-tesla-et-polestar.jpg\" \/>Hertz et Uber annoncent l&rsquo;\u00e9largissement de leur partenariat visant \u00e0 \u00e9lectrifier leur flotte avec le d\u00e9ploiement en Europe de 25\u00a0000\u00a0voitures \u00e9lectriques Tesla et Polestar. <a href=\"https:\/\/www.lesnumeriques.com\/voiture\/hertz-et-uber-annoncent-le-deploiement-de-25-000-tesla-et-polestar-n204319.html\" target='bwindow' rel=\"noopener\">Lire la suite&#8230;<\/a><\/p>\n","protected":false},"excerpt":{"rendered":"<p>Hertz et Uber annoncent l&rsquo;\u00e9largissement de leur partenariat visant \u00e0 \u00e9lectrifier leur flotte avec le d\u00e9ploiement en Europe de 25\u00a0000\u00a0voitures \u00e9lectriques Tesla et Polestar&#8230;. <a class=\"continue-reading-link\" href=\"https:\/\/www.evearly.news\/fr\/actualite-hertz-et-uber-annoncent-le-deploiement-de-25-000-tesla-et-polestar\/\"><\/a><\/p>\n","protected":false},"author":15,"featured_media":0,"comment_status":"closed","ping_status":"closed","sticky":false,"template":"Default","format":"standard","meta":{"footnotes":""},"categories":[16],"tags":[],"class_list":["post-220916","post","type-post","status-publish","format-standard","hentry","category-lesnumeriques"],"_links":{"self":[{"href":"https:\/\/www.evearly.news\/fr\/wp-json\/wp\/v2\/posts\/220916","targetHints":{"allow":["GET"]}}],"collection":[{"href":"https:\/\/www.evearly.news\/fr\/wp-json\/wp\/v2\/posts"}],"about":[{"href":"https:\/\/www.evearly.news\/fr\/wp-json\/wp\/v2\/types\/post"}],"author":[{"embeddable":true,"href":"https:\/\/www.evearly.news\/fr\/wp-json\/wp\/v2\/users\/15"}],"replies":[{"embeddable":true,"href":"https:\/\/www.evearly.news\/fr\/wp-json\/wp\/v2\/comments?post=220916"}],"version-history":[{"count":0,"href":"https:\/\/www.evearly.news\/fr\/wp-json\/wp\/v2\/posts\/220916\/revisions"}],"wp:attachment":[{"href":"https:\/\/www.evearly.news\/fr\/wp-json\/wp\/v2\/media?parent=220916"}],"wp:term":[{"taxonomy":"category","embeddable":true,"href":"https:\/\/www.evearly.news\/fr\/wp-json\/wp\/v2\/categories?post=220916"},{"taxonomy":"post_tag","embeddable":true,"href":"https:\/\/www.evearly.news\/fr\/wp-json\/wp\/v2\/tags?post=220916"}],"curies":[{"name":"wp","href":"https:\/\/api.w.org\/{rel}","templated":true}]}}