{"id":220968,"date":"2023-01-18T14:20:40","date_gmt":"2023-01-18T13:20:40","guid":{"rendered":"https:\/\/news.evearly.com\/infrastructures-de-recharge-izivia-se-branche-avec-iveco\/"},"modified":"2023-01-18T14:20:40","modified_gmt":"2023-01-18T13:20:40","slug":"infrastructures-de-recharge-izivia-se-branche-avec-iveco","status":"publish","type":"post","link":"https:\/\/www.evearly.news\/fr\/infrastructures-de-recharge-izivia-se-branche-avec-iveco\/","title":{"rendered":"Infrastructures de recharge : Izivia se branche avec Iveco"},"content":{"rendered":"<p><img decoding=\"async\" src=\"https:\/\/news.evearly.com\/wp-content\/uploads\/2023\/01\/infrastructures-de-recharge-izivia-se-branche-avec-iveco.jpg\"><br \/>D\u00e9j\u00e0 engag\u00e9 dans de nombreux partenariats dans le domaine de la voiture \u00e9lectrique, la filiale du groupe EDF \u00e9tend ses collaborations au secteur du transport de marchandises o\u00f9 il vient d\u2019officialiser un premier accord avec Iveco. <a href=\"https:\/\/www.avere-france.org\/infrastructures-de-recharge-izivia-se-branche-avec-iveco\/\" target='bwindow' rel=\"noopener\">Lire la suite&#8230;<\/a><\/p>\n","protected":false},"excerpt":{"rendered":"<p>&#8230; <a class=\"continue-reading-link\" href=\"https:\/\/www.evearly.news\/fr\/infrastructures-de-recharge-izivia-se-branche-avec-iveco\/\"><\/a><\/p>\n","protected":false},"author":10,"featured_media":0,"comment_status":"closed","ping_status":"closed","sticky":false,"template":"Default","format":"standard","meta":{"footnotes":""},"categories":[9],"tags":[],"class_list":["post-220968","post","type-post","status-publish","format-standard","hentry","category-avere-france"],"_links":{"self":[{"href":"https:\/\/www.evearly.news\/fr\/wp-json\/wp\/v2\/posts\/220968","targetHints":{"allow":["GET"]}}],"collection":[{"href":"https:\/\/www.evearly.news\/fr\/wp-json\/wp\/v2\/posts"}],"about":[{"href":"https:\/\/www.evearly.news\/fr\/wp-json\/wp\/v2\/types\/post"}],"author":[{"embeddable":true,"href":"https:\/\/www.evearly.news\/fr\/wp-json\/wp\/v2\/users\/10"}],"replies":[{"embeddable":true,"href":"https:\/\/www.evearly.news\/fr\/wp-json\/wp\/v2\/comments?post=220968"}],"version-history":[{"count":0,"href":"https:\/\/www.evearly.news\/fr\/wp-json\/wp\/v2\/posts\/220968\/revisions"}],"wp:attachment":[{"href":"https:\/\/www.evearly.news\/fr\/wp-json\/wp\/v2\/media?parent=220968"}],"wp:term":[{"taxonomy":"category","embeddable":true,"href":"https:\/\/www.evearly.news\/fr\/wp-json\/wp\/v2\/categories?post=220968"},{"taxonomy":"post_tag","embeddable":true,"href":"https:\/\/www.evearly.news\/fr\/wp-json\/wp\/v2\/tags?post=220968"}],"curies":[{"name":"wp","href":"https:\/\/api.w.org\/{rel}","templated":true}]}}