{"id":221239,"date":"2023-01-19T14:11:20","date_gmt":"2023-01-19T13:11:20","guid":{"rendered":"https:\/\/news.evearly.com\/lavere-france-annonce-son-partenariat-avec-lautonomy-mobility-world-expo\/"},"modified":"2023-01-19T14:11:20","modified_gmt":"2023-01-19T13:11:20","slug":"lavere-france-annonce-son-partenariat-avec-lautonomy-mobility-world-expo","status":"publish","type":"post","link":"https:\/\/www.evearly.news\/fr\/lavere-france-annonce-son-partenariat-avec-lautonomy-mobility-world-expo\/","title":{"rendered":"L\u2019Avere-France annonce son partenariat avec l\u2019Autonomy Mobility World Expo"},"content":{"rendered":"<p><img decoding=\"async\" src=\"https:\/\/news.evearly.com\/wp-content\/uploads\/2023\/01\/lavere-france-annonce-son-partenariat-avec-lautonomy-mobility-world-expo.jpg\"><br \/>A l\u2019occasion de sa 7<sup>e<\/sup> \u00e9dition, Autonomy Mobility World Expo r\u00e9unira de nombreux acteurs \u0153uvrant en faveur de la mobilit\u00e9 de demain. Toujours dans le but d\u2019exposer des solutions de plus en plus innovantes \u00e0 cet \u00e9gard, l\u2019\u00e9v\u00e8nement aura lieu du 22 au 23 mars \u00e0 Paris, Porte de Versailles (Pavillon 6). L\u2019Avere-France, en tant qu\u2019association nationale pour le d\u00e9veloppement de la mobilit\u00e9 \u00e9lectrique et porte-parole de l\u2019\u00e9cosyst\u00e8me, sera partenaire de l\u2019\u00e9v\u00e9nement.\u00a0 <a href=\"https:\/\/www.avere-france.org\/lavere-france-annonce-son-partenariat-avec-lautonomy-mobility-world-expo\/\" target='bwindow' rel=\"noopener\">Lire la suite&#8230;<\/a><\/p>\n","protected":false},"excerpt":{"rendered":"<p>&#8230; <a class=\"continue-reading-link\" href=\"https:\/\/www.evearly.news\/fr\/lavere-france-annonce-son-partenariat-avec-lautonomy-mobility-world-expo\/\"><\/a><\/p>\n","protected":false},"author":10,"featured_media":0,"comment_status":"closed","ping_status":"closed","sticky":false,"template":"Default","format":"standard","meta":{"footnotes":""},"categories":[9],"tags":[],"class_list":["post-221239","post","type-post","status-publish","format-standard","hentry","category-avere-france"],"_links":{"self":[{"href":"https:\/\/www.evearly.news\/fr\/wp-json\/wp\/v2\/posts\/221239","targetHints":{"allow":["GET"]}}],"collection":[{"href":"https:\/\/www.evearly.news\/fr\/wp-json\/wp\/v2\/posts"}],"about":[{"href":"https:\/\/www.evearly.news\/fr\/wp-json\/wp\/v2\/types\/post"}],"author":[{"embeddable":true,"href":"https:\/\/www.evearly.news\/fr\/wp-json\/wp\/v2\/users\/10"}],"replies":[{"embeddable":true,"href":"https:\/\/www.evearly.news\/fr\/wp-json\/wp\/v2\/comments?post=221239"}],"version-history":[{"count":0,"href":"https:\/\/www.evearly.news\/fr\/wp-json\/wp\/v2\/posts\/221239\/revisions"}],"wp:attachment":[{"href":"https:\/\/www.evearly.news\/fr\/wp-json\/wp\/v2\/media?parent=221239"}],"wp:term":[{"taxonomy":"category","embeddable":true,"href":"https:\/\/www.evearly.news\/fr\/wp-json\/wp\/v2\/categories?post=221239"},{"taxonomy":"post_tag","embeddable":true,"href":"https:\/\/www.evearly.news\/fr\/wp-json\/wp\/v2\/tags?post=221239"}],"curies":[{"name":"wp","href":"https:\/\/api.w.org\/{rel}","templated":true}]}}