{"id":221954,"date":"2023-01-24T17:06:55","date_gmt":"2023-01-24T16:06:55","guid":{"rendered":"https:\/\/news.evearly.com\/la-polestar-2-electrique-fait-sa-revolution-interieure\/"},"modified":"2023-01-24T17:06:55","modified_gmt":"2023-01-24T16:06:55","slug":"la-polestar-2-electrique-fait-sa-revolution-interieure","status":"publish","type":"post","link":"https:\/\/www.evearly.news\/fr\/la-polestar-2-electrique-fait-sa-revolution-interieure\/","title":{"rendered":"La Polestar 2 \u00e9lectrique fait sa r\u00e9volution int\u00e9rieure"},"content":{"rendered":"<p><img decoding=\"async\" src=\"https:\/\/news.evearly.com\/wp-content\/uploads\/2023\/01\/la-polestar-2-electrique-fait-sa-revolution-interieure.jpg\" \/> Comme les Volvo XC40 et C40 Recharge, la Polestar 2 change son groupe motopropulseur \u00e9lectrique. La berline sportive qui sera bient\u00f4t vendue en France progresse aussi en autonomie avec jusqu\u2019\u00e0 635 km sur une seule charge. Encore mieux qu\u2019une Tesla Model 3. <a href=\"https:\/\/www.caradisiac.com\/la-polestar-2-electrique-fait-sa-revolution-interieure-200411.htm#xtor=RSS-40\" target=\"blank\" rel=\"noopener\">Lire la suite&#8230;<\/a><\/p>\n","protected":false},"excerpt":{"rendered":"<p><img decoding=\"async\" src=\"https:\/\/news.evearly.com\/wp-content\/uploads\/2023\/01\/la-polestar-2-electrique-fait-sa-revolution-interieure.jpg\" \/> Comme les Volvo XC40 et C40 Recharge, la Polestar 2 change son groupe motopropulseur \u00e9lectrique. La berline sportive qui sera bient\u00f4t vendue en France progresse aussi en autonomie avec jusqu\u2019\u00e0 635 km sur une seule charge. Encore mieux qu\u2019une Tesla Model 3.<\/p>\n<p> <a class=\"continue-reading-link\" href=\"https:\/\/www.evearly.news\/fr\/la-polestar-2-electrique-fait-sa-revolution-interieure\/\"><\/a><\/p>\n","protected":false},"author":11,"featured_media":0,"comment_status":"closed","ping_status":"closed","sticky":false,"template":"Default","format":"standard","meta":{"footnotes":""},"categories":[11],"tags":[],"class_list":["post-221954","post","type-post","status-publish","format-standard","hentry","category-caradisiac"],"_links":{"self":[{"href":"https:\/\/www.evearly.news\/fr\/wp-json\/wp\/v2\/posts\/221954","targetHints":{"allow":["GET"]}}],"collection":[{"href":"https:\/\/www.evearly.news\/fr\/wp-json\/wp\/v2\/posts"}],"about":[{"href":"https:\/\/www.evearly.news\/fr\/wp-json\/wp\/v2\/types\/post"}],"author":[{"embeddable":true,"href":"https:\/\/www.evearly.news\/fr\/wp-json\/wp\/v2\/users\/11"}],"replies":[{"embeddable":true,"href":"https:\/\/www.evearly.news\/fr\/wp-json\/wp\/v2\/comments?post=221954"}],"version-history":[{"count":0,"href":"https:\/\/www.evearly.news\/fr\/wp-json\/wp\/v2\/posts\/221954\/revisions"}],"wp:attachment":[{"href":"https:\/\/www.evearly.news\/fr\/wp-json\/wp\/v2\/media?parent=221954"}],"wp:term":[{"taxonomy":"category","embeddable":true,"href":"https:\/\/www.evearly.news\/fr\/wp-json\/wp\/v2\/categories?post=221954"},{"taxonomy":"post_tag","embeddable":true,"href":"https:\/\/www.evearly.news\/fr\/wp-json\/wp\/v2\/tags?post=221954"}],"curies":[{"name":"wp","href":"https:\/\/api.w.org\/{rel}","templated":true}]}}