{"id":221988,"date":"2023-01-24T17:22:28","date_gmt":"2023-01-24T16:22:28","guid":{"rendered":"https:\/\/news.evearly.com\/europe-hertz-va-louer-25-000-voitures-electriques-a-uber\/"},"modified":"2023-01-24T17:22:28","modified_gmt":"2023-01-24T16:22:28","slug":"europe-hertz-va-louer-25-000-voitures-electriques-a-uber","status":"publish","type":"post","link":"https:\/\/www.evearly.news\/fr\/europe-hertz-va-louer-25-000-voitures-electriques-a-uber\/","title":{"rendered":"Europe : Hertz va louer 25 000 voitures \u00e9lectriques \u00e0 Uber"},"content":{"rendered":"<p><img decoding=\"async\" src=\"https:\/\/www.avere-france.org\/wp-content\/uploads\/2023\/01\/hertz-uber.jpg\" alt=\"partenariat hertz uber v\u00e9hicules \u00e9lectriques\" \/><br \/>\nApr\u00e8s un premier partenariat conclu pour l\u2019Am\u00e9rique du Nord, Hertz et Uber \u00e9tendent leur collaboration \u00e0 l\u2019Europe o\u00f9 plusieurs milliers de v\u00e9hicules \u00e9lectriques vont \u00eatre mis \u00e0 disposition des chauffeurs de la plateforme. <a href=\"https:\/\/www.avere-france.org\/europe-hertz-va-louer-25-000-voitures-electriques-a-uber\/\" target=\"bwindow\" rel=\"noopener\">Lire la suite&#8230;<\/a><\/p>\n","protected":false},"excerpt":{"rendered":"<p>&#8230; <a class=\"continue-reading-link\" href=\"https:\/\/www.evearly.news\/fr\/europe-hertz-va-louer-25-000-voitures-electriques-a-uber\/\"><\/a><\/p>\n","protected":false},"author":10,"featured_media":0,"comment_status":"closed","ping_status":"closed","sticky":false,"template":"","format":"standard","meta":{"footnotes":""},"categories":[9],"tags":[],"class_list":["post-221988","post","type-post","status-publish","format-standard","hentry","category-avere-france"],"_links":{"self":[{"href":"https:\/\/www.evearly.news\/fr\/wp-json\/wp\/v2\/posts\/221988","targetHints":{"allow":["GET"]}}],"collection":[{"href":"https:\/\/www.evearly.news\/fr\/wp-json\/wp\/v2\/posts"}],"about":[{"href":"https:\/\/www.evearly.news\/fr\/wp-json\/wp\/v2\/types\/post"}],"author":[{"embeddable":true,"href":"https:\/\/www.evearly.news\/fr\/wp-json\/wp\/v2\/users\/10"}],"replies":[{"embeddable":true,"href":"https:\/\/www.evearly.news\/fr\/wp-json\/wp\/v2\/comments?post=221988"}],"version-history":[{"count":0,"href":"https:\/\/www.evearly.news\/fr\/wp-json\/wp\/v2\/posts\/221988\/revisions"}],"wp:attachment":[{"href":"https:\/\/www.evearly.news\/fr\/wp-json\/wp\/v2\/media?parent=221988"}],"wp:term":[{"taxonomy":"category","embeddable":true,"href":"https:\/\/www.evearly.news\/fr\/wp-json\/wp\/v2\/categories?post=221988"},{"taxonomy":"post_tag","embeddable":true,"href":"https:\/\/www.evearly.news\/fr\/wp-json\/wp\/v2\/tags?post=221988"}],"curies":[{"name":"wp","href":"https:\/\/api.w.org\/{rel}","templated":true}]}}