{"id":222344,"date":"2023-01-26T11:53:37","date_gmt":"2023-01-26T10:53:37","guid":{"rendered":"https:\/\/news.evearly.com\/le-peugeot-3008-electrique-aura-700-km-dautonomie\/"},"modified":"2023-08-17T04:25:39","modified_gmt":"2023-08-17T04:25:39","slug":"le-peugeot-3008-electrique-aura-700-km-dautonomie","status":"publish","type":"post","link":"https:\/\/www.evearly.news\/fr\/le-peugeot-3008-electrique-aura-700-km-dautonomie\/","title":{"rendered":"Le Peugeot 3008 \u00e9lectrique aura 700 km d\u2019autonomie"},"content":{"rendered":"<p><img decoding=\"async\" width=\"500\" height=\"333\" src=\"https:\/\/news.evearly.com\/wp-content\/uploads\/2023\/01\/le-peugeot-3008-electrique-aura-700-km-dautonomie.jpg\" class=\"attachment-186x124 size-186x124 wp-post-image\" alt=\"\" loading=\"lazy\" \/><br \/>\nLa troisi\u00e8me g\u00e9n\u00e9ration du 3008 proposera une version \u00e9lectrique. Elle sera d\u00e9voil&eacute;e au cours du second semestre 2023. L&rsquo;\u00e9v\u00e9nement chez\u2026 <a href=\"https:\/\/www.automobile-propre.com\/le-peugeot-3008-electrique-aura-700-km-dautonomie\/\" target='bwindow' rel=\"noopener\">Lire la suite&#8230;<\/a><\/p>\n","protected":false},"excerpt":{"rendered":"<p>La troisi\u00e8me g\u00e9n\u00e9ration du 3008 proposera une version \u00e9lectrique. Elle sera d\u00e9voil&eacute;e au cours du second semestre 2023. L&rsquo;\u00e9v\u00e9nement chez\u2026 Lire la suite&#8230;&#8230; <a class=\"continue-reading-link\" href=\"https:\/\/www.evearly.news\/fr\/le-peugeot-3008-electrique-aura-700-km-dautonomie\/\"><\/a><\/p>\n","protected":false},"author":8,"featured_media":0,"comment_status":"closed","ping_status":"closed","sticky":false,"template":"","format":"standard","meta":{"footnotes":""},"categories":[8],"tags":[],"class_list":["post-222344","post","type-post","status-publish","format-standard","hentry","category-automobile-propre"],"_links":{"self":[{"href":"https:\/\/www.evearly.news\/fr\/wp-json\/wp\/v2\/posts\/222344","targetHints":{"allow":["GET"]}}],"collection":[{"href":"https:\/\/www.evearly.news\/fr\/wp-json\/wp\/v2\/posts"}],"about":[{"href":"https:\/\/www.evearly.news\/fr\/wp-json\/wp\/v2\/types\/post"}],"author":[{"embeddable":true,"href":"https:\/\/www.evearly.news\/fr\/wp-json\/wp\/v2\/users\/8"}],"replies":[{"embeddable":true,"href":"https:\/\/www.evearly.news\/fr\/wp-json\/wp\/v2\/comments?post=222344"}],"version-history":[{"count":1,"href":"https:\/\/www.evearly.news\/fr\/wp-json\/wp\/v2\/posts\/222344\/revisions"}],"predecessor-version":[{"id":252631,"href":"https:\/\/www.evearly.news\/fr\/wp-json\/wp\/v2\/posts\/222344\/revisions\/252631"}],"wp:attachment":[{"href":"https:\/\/www.evearly.news\/fr\/wp-json\/wp\/v2\/media?parent=222344"}],"wp:term":[{"taxonomy":"category","embeddable":true,"href":"https:\/\/www.evearly.news\/fr\/wp-json\/wp\/v2\/categories?post=222344"},{"taxonomy":"post_tag","embeddable":true,"href":"https:\/\/www.evearly.news\/fr\/wp-json\/wp\/v2\/tags?post=222344"}],"curies":[{"name":"wp","href":"https:\/\/api.w.org\/{rel}","templated":true}]}}