{"id":222426,"date":"2023-01-26T15:57:54","date_gmt":"2023-01-26T14:57:54","guid":{"rendered":"https:\/\/news.evearly.com\/toyota-a-des-objectifs-modestes-pour-la-relance-du-bz4x-electrique\/"},"modified":"2023-08-17T04:25:36","modified_gmt":"2023-08-17T04:25:36","slug":"toyota-a-des-objectifs-modestes-pour-la-relance-du-bz4x-electrique","status":"publish","type":"post","link":"https:\/\/www.evearly.news\/fr\/toyota-a-des-objectifs-modestes-pour-la-relance-du-bz4x-electrique\/","title":{"rendered":"Toyota a des objectifs modestes pour la relance du bZ4X \u00e9lectrique"},"content":{"rendered":"<p><img loading=\"lazy\" decoding=\"async\" width=\"500\" height=\"333\" src=\"https:\/\/news.evearly.com\/wp-content\/uploads\/2023\/01\/toyota-a-des-objectifs-modestes-pour-la-relance-du-bz4x-electrique.jpg\" class=\"attachment-186x124 size-186x124 wp-post-image\" alt=\"\" \/><br \/>\nToyota va faire reprendre la production de son SUV \u00e9lectrique bZ4X cette ann\u00e9e. Mais le constructeur japonais ne semble pas trop croire en son mod\u00e8le. <a href=\"https:\/\/www.automobile-propre.com\/breves\/toyota-a-des-objectifs-modestes-pour-la-relance-du-bz4x-electrique\/\" target='bwindow' rel=\"noopener\">Lire la suite&#8230;<\/a><\/p>\n","protected":false},"excerpt":{"rendered":"<p>Toyota va faire reprendre la production de son SUV \u00e9lectrique bZ4X cette ann\u00e9e. Mais le constructeur japonais ne semble pas trop croire en son mod\u00e8le. Lire la suite&#8230;&#8230; <a class=\"continue-reading-link\" href=\"https:\/\/www.evearly.news\/fr\/toyota-a-des-objectifs-modestes-pour-la-relance-du-bz4x-electrique\/\"><\/a><\/p>\n","protected":false},"author":8,"featured_media":0,"comment_status":"closed","ping_status":"closed","sticky":false,"template":"","format":"standard","meta":{"footnotes":""},"categories":[8],"tags":[],"class_list":["post-222426","post","type-post","status-publish","format-standard","hentry","category-automobile-propre"],"_links":{"self":[{"href":"https:\/\/www.evearly.news\/fr\/wp-json\/wp\/v2\/posts\/222426","targetHints":{"allow":["GET"]}}],"collection":[{"href":"https:\/\/www.evearly.news\/fr\/wp-json\/wp\/v2\/posts"}],"about":[{"href":"https:\/\/www.evearly.news\/fr\/wp-json\/wp\/v2\/types\/post"}],"author":[{"embeddable":true,"href":"https:\/\/www.evearly.news\/fr\/wp-json\/wp\/v2\/users\/8"}],"replies":[{"embeddable":true,"href":"https:\/\/www.evearly.news\/fr\/wp-json\/wp\/v2\/comments?post=222426"}],"version-history":[{"count":1,"href":"https:\/\/www.evearly.news\/fr\/wp-json\/wp\/v2\/posts\/222426\/revisions"}],"predecessor-version":[{"id":252629,"href":"https:\/\/www.evearly.news\/fr\/wp-json\/wp\/v2\/posts\/222426\/revisions\/252629"}],"wp:attachment":[{"href":"https:\/\/www.evearly.news\/fr\/wp-json\/wp\/v2\/media?parent=222426"}],"wp:term":[{"taxonomy":"category","embeddable":true,"href":"https:\/\/www.evearly.news\/fr\/wp-json\/wp\/v2\/categories?post=222426"},{"taxonomy":"post_tag","embeddable":true,"href":"https:\/\/www.evearly.news\/fr\/wp-json\/wp\/v2\/tags?post=222426"}],"curies":[{"name":"wp","href":"https:\/\/api.w.org\/{rel}","templated":true}]}}