{"id":222484,"date":"2023-01-26T18:00:39","date_gmt":"2023-01-26T17:00:39","guid":{"rendered":"https:\/\/news.evearly.com\/peugeot-leve-le-voile-sur-sa-future-gamme-electrifiee\/"},"modified":"2023-01-26T18:00:39","modified_gmt":"2023-01-26T17:00:39","slug":"peugeot-leve-le-voile-sur-sa-future-gamme-electrifiee","status":"publish","type":"post","link":"https:\/\/www.evearly.news\/fr\/peugeot-leve-le-voile-sur-sa-future-gamme-electrifiee\/","title":{"rendered":"Peugeot l\u00e8ve le voile sur sa future gamme \u00e9lectrifi\u00e9e"},"content":{"rendered":"<p><img decoding=\"async\" src=\"https:\/\/sf1.auto-moto.com\/wp-content\/uploads\/sites\/9\/2023\/01\/peugeotlineup__20xx-63d15ce3e5b5b_63d15edc5c697-1-750x410.jpg\"><br \/>Et si Peugeot ambitionnait de devenir le Tesla fran\u00e7ais ? C&rsquo;est l&rsquo;impression que donne son futur plan produit 100% \u00e9lectrique, tout juste d\u00e9voil\u00e9. <a href=\"https:\/\/www.auto-moto.com\/nouveautes\/peugeot-leve-voile-future-gamme-electrifiee-399227.html?utm_source=rss_feed&amp;utm_medium=link&amp;utm_campaign=unknown\" target='bwindow' rel=\"noopener\">Lire la suite&#8230;<\/a><\/p>\n","protected":false},"excerpt":{"rendered":"<p>Et si Peugeot ambitionnait de devenir le Tesla fran\u00e7ais ? C&rsquo;est l&rsquo;impression que donne son futur plan produit 100% \u00e9lectrique, tout juste d\u00e9voil\u00e9&#8230;. <a class=\"continue-reading-link\" href=\"https:\/\/www.evearly.news\/fr\/peugeot-leve-le-voile-sur-sa-future-gamme-electrifiee\/\"><\/a><\/p>\n","protected":false},"author":9,"featured_media":222485,"comment_status":"closed","ping_status":"closed","sticky":false,"template":"Default","format":"standard","meta":{"footnotes":""},"categories":[10],"tags":[],"class_list":["post-222484","post","type-post","status-publish","format-standard","has-post-thumbnail","hentry","category-auto-moto-com"],"_links":{"self":[{"href":"https:\/\/www.evearly.news\/fr\/wp-json\/wp\/v2\/posts\/222484","targetHints":{"allow":["GET"]}}],"collection":[{"href":"https:\/\/www.evearly.news\/fr\/wp-json\/wp\/v2\/posts"}],"about":[{"href":"https:\/\/www.evearly.news\/fr\/wp-json\/wp\/v2\/types\/post"}],"author":[{"embeddable":true,"href":"https:\/\/www.evearly.news\/fr\/wp-json\/wp\/v2\/users\/9"}],"replies":[{"embeddable":true,"href":"https:\/\/www.evearly.news\/fr\/wp-json\/wp\/v2\/comments?post=222484"}],"version-history":[{"count":0,"href":"https:\/\/www.evearly.news\/fr\/wp-json\/wp\/v2\/posts\/222484\/revisions"}],"wp:featuredmedia":[{"embeddable":true,"href":"https:\/\/www.evearly.news\/fr\/wp-json\/"}],"wp:attachment":[{"href":"https:\/\/www.evearly.news\/fr\/wp-json\/wp\/v2\/media?parent=222484"}],"wp:term":[{"taxonomy":"category","embeddable":true,"href":"https:\/\/www.evearly.news\/fr\/wp-json\/wp\/v2\/categories?post=222484"},{"taxonomy":"post_tag","embeddable":true,"href":"https:\/\/www.evearly.news\/fr\/wp-json\/wp\/v2\/tags?post=222484"}],"curies":[{"name":"wp","href":"https:\/\/api.w.org\/{rel}","templated":true}]}}