{"id":222511,"date":"2023-01-26T19:30:00","date_gmt":"2023-01-26T18:30:00","guid":{"rendered":"https:\/\/news.evearly.com\/audi-prepare-sa-reponse-au-cybertruck-de-tesla-avec-cette-magnifique-voiture-electrique\/"},"modified":"2023-09-20T22:32:38","modified_gmt":"2023-09-20T20:32:38","slug":"audi-prepare-sa-reponse-au-cybertruck-de-tesla-avec-cette-magnifique-voiture-electrique","status":"publish","type":"post","link":"https:\/\/www.evearly.news\/fr\/audi-prepare-sa-reponse-au-cybertruck-de-tesla-avec-cette-magnifique-voiture-electrique\/","title":{"rendered":"Audi pr\u00e9pare sa r\u00e9ponse au Cybertruck de Tesla, avec cette magnifique voiture \u00e9lectrique"},"content":{"rendered":"<p><img decoding=\"async\" loading=\"lazy\" class=\"alignnone size-medium wp-image-1597529\" src=\"https:\/\/news.evearly.com\/wp-content\/uploads\/2023\/01\/audi-prepare-sa-reponse-au-cybertruck-de-tesla-avec-cette-magnifique-voiture-electrique.jpg\" alt=\"\" width=\"1200\" height=\"672\" srcset=\"https:\/\/news.evearly.com\/wp-content\/uploads\/2023\/01\/audi-prepare-sa-reponse-au-cybertruck-de-tesla-avec-cette-magnifique-voiture-electrique.jpg 1200w, https:\/\/news.evearly.com\/wp-content\/uploads\/2023\/01\/audi-prepare-sa-reponse-au-cybertruck-de-tesla-avec-cette-magnifique-voiture-electrique-1.jpg 768w, https:\/\/news.evearly.com\/wp-content\/uploads\/2023\/01\/audi-prepare-sa-reponse-au-cybertruck-de-tesla-avec-cette-magnifique-voiture-electrique-2.jpg 928w, https:\/\/images.frandroid.com\/wp-content\/uploads\/2023\/01\/audi-activsphere-concept-3-300x168.jpg 300w\" sizes=\"auto, (max-width: 1200px) 100vw, 1200px\" \/><br \/>\nAudi continue la pr\u00e9sentation de sa gamme de concept-car \u00ab\u00a0Sph\u00e8re\u00a0\u00bb avec cette fois-ci l&rsquo;Activesph\u00e8re, une sorte de crossover \u00e0 mi-chemin entre un pick-up et un SUV Coup\u00e9, avec l&rsquo;accent mis sur des capacit\u00e9s tout-terrain au-dessus de la moyenne. Un genre de concurrent du Tesla Cybertruck, et un aper\u00e7u de la future Audi A6 Allroad \u00e9lectrique. [\u2026] <a href=\"https:\/\/www.frandroid.com\/marques\/audi\/1597423_audi-prepare-sa-reponse-au-cybertruck-de-tesla-avec-cette-magnifique-voiture-electrique\" target=\"blank\" rel=\"noopener\">Lire la suite&#8230;<\/a><\/p>\n","protected":false},"excerpt":{"rendered":"<p>&lt;img loading=&quot;lazy&quot; class=&quot;alignnone size-medium wp-image-1597529&quot; src=&quot;https:\/\/news.evearly.com\/wp-content\/uploads\/2023\/01\/audi-prepare-sa-reponse-au-cybertruck-de-tesla-avec-cette-magnifique-voiture-electrique.jpg&quot; alt=&quot;&quot; width=&quot;1200&quot; height=&quot;672&quot; srcset=&quot;https:\/\/news.evearly.com\/wp-content\/uploads\/2023\/01\/audi-prepare-sa-reponse-au-cybertruck-de-tesla-avec-cette-magnifique-voiture-electrique.jpg 1200w, https:\/\/news.evearly.com\/wp-content\/uploads\/2023\/01\/audi-prepare-sa-reponse-au-cybertruck-de-tesla-avec-cette-magnifique-voiture-electrique-1.jpg 768w, https:\/\/news.evearly.com\/wp-content\/uploads\/2023\/01\/audi-prepare-sa-reponse-au-cybertruck-de-tesla-avec-cette-magnifique-voiture-electrique-2.jpg 928w, https:\/\/images.frandroid.com\/wp-content\/uploads\/2023\/01\/audi-activsphere-concept-3-300&#215;168.jpg 300w&quot; sizes=&quot;(max-width: 1200px) 100vw, 1200px&quot; \/<br \/>Audi continue la pr\u00e9sentation de sa gamme de concept-car \u00ab\u00a0Sph\u00e8re\u00a0\u00bb avec cette fois-ci l&rsquo;Activesph\u00e8re, une sorte de crossover \u00e0 mi-chemin entre un pick-up et un SUV Coup\u00e9, avec l&rsquo;accent mis sur des capacit\u00e9s tout-terrain au-dessus de la moyenne. Un genre de concurrent du Tesla Cybertruck, et un aper\u00e7u de la future Audi A6 Allroad \u00e9lectrique. [\u2026]<\/p>\n<p> <a class=\"continue-reading-link\" href=\"https:\/\/www.evearly.news\/fr\/audi-prepare-sa-reponse-au-cybertruck-de-tesla-avec-cette-magnifique-voiture-electrique\/\"><\/a><\/p>\n","protected":false},"author":6,"featured_media":0,"comment_status":"closed","ping_status":"closed","sticky":false,"template":"","format":"standard","meta":{"footnotes":""},"categories":[14],"tags":[],"class_list":["post-222511","post","type-post","status-publish","format-standard","hentry","category-frandroid"],"_links":{"self":[{"href":"https:\/\/www.evearly.news\/fr\/wp-json\/wp\/v2\/posts\/222511","targetHints":{"allow":["GET"]}}],"collection":[{"href":"https:\/\/www.evearly.news\/fr\/wp-json\/wp\/v2\/posts"}],"about":[{"href":"https:\/\/www.evearly.news\/fr\/wp-json\/wp\/v2\/types\/post"}],"author":[{"embeddable":true,"href":"https:\/\/www.evearly.news\/fr\/wp-json\/wp\/v2\/users\/6"}],"replies":[{"embeddable":true,"href":"https:\/\/www.evearly.news\/fr\/wp-json\/wp\/v2\/comments?post=222511"}],"version-history":[{"count":2,"href":"https:\/\/www.evearly.news\/fr\/wp-json\/wp\/v2\/posts\/222511\/revisions"}],"predecessor-version":[{"id":263020,"href":"https:\/\/www.evearly.news\/fr\/wp-json\/wp\/v2\/posts\/222511\/revisions\/263020"}],"wp:attachment":[{"href":"https:\/\/www.evearly.news\/fr\/wp-json\/wp\/v2\/media?parent=222511"}],"wp:term":[{"taxonomy":"category","embeddable":true,"href":"https:\/\/www.evearly.news\/fr\/wp-json\/wp\/v2\/categories?post=222511"},{"taxonomy":"post_tag","embeddable":true,"href":"https:\/\/www.evearly.news\/fr\/wp-json\/wp\/v2\/tags?post=222511"}],"curies":[{"name":"wp","href":"https:\/\/api.w.org\/{rel}","templated":true}]}}