{"id":222589,"date":"2023-01-27T09:36:31","date_gmt":"2023-01-27T08:36:31","guid":{"rendered":"https:\/\/news.evearly.com\/renault-5-electrique-elle-serait-bien-moins-chere-que-la-zoe-mais-avec-un-couac-sur-lautonomie\/"},"modified":"2023-09-20T22:32:26","modified_gmt":"2023-09-20T20:32:26","slug":"renault-5-electrique-elle-serait-bien-moins-chere-que-la-zoe-mais-avec-un-couac-sur-lautonomie","status":"publish","type":"post","link":"https:\/\/www.evearly.news\/fr\/renault-5-electrique-elle-serait-bien-moins-chere-que-la-zoe-mais-avec-un-couac-sur-lautonomie\/","title":{"rendered":"Renault 5 \u00e9lectrique : elle serait bien moins ch\u00e8re que la Zo\u00e9, mais avec un couac sur l\u2019autonomie"},"content":{"rendered":"<p><img loading=\"lazy\" decoding=\"async\" class=\"size-medium wp-image-1512500\" src=\"https:\/\/news.evearly.com\/wp-content\/uploads\/2023\/01\/renault-5-electrique-elle-serait-bien-moins-chere-que-la-zoe-mais-avec-un-couac-sur-lautonomie.jpg\" alt=\"\" width=\"1200\" height=\"799\" srcset=\"https:\/\/news.evearly.com\/wp-content\/uploads\/2023\/01\/renault-5-electrique-elle-serait-bien-moins-chere-que-la-zoe-mais-avec-un-couac-sur-lautonomie.jpg 1200w, https:\/\/news.evearly.com\/wp-content\/uploads\/2023\/01\/renault-5-electrique-elle-serait-bien-moins-chere-que-la-zoe-mais-avec-un-couac-sur-lautonomie-1.jpg 768w, https:\/\/news.evearly.com\/wp-content\/uploads\/2023\/01\/renault-5-electrique-elle-serait-bien-moins-chere-que-la-zoe-mais-avec-un-couac-sur-lautonomie-2.jpg 928w, https:\/\/images.frandroid.com\/wp-content\/uploads\/2022\/10\/renault-r5-frandroid-img-2723-300x200.jpg 300w\" sizes=\"auto, (max-width: 1200px) 100vw, 1200px\" \/><br \/>\nAttendue pour 2024, la future Renault 5 \u00e9lectrique devrait co\u00fbter beaucoup moins cher que la Zo\u00e9. Mais ses performances au niveau de l&rsquo;autonomie pourraient \u00eatre d\u00e9cevantes pour les clients, pourtant d\u00e9j\u00e0 conquis par son look.Renault, comme tous les constructeurs g\u00e9n\u00e9ralistes, va devoir massivement \u00e9lectrifier sa gamme au cours des prochaines ann\u00e9es, afin d\u2019\u00eatre en conformit\u00e9 [\u2026] <a href=\"https:\/\/www.frandroid.com\/marques\/renault\/1598149_renault-5-electrique-elle-serait-bien-moins-chere-que-la-zoe-mais-avec-un-couac-sur-lautonomie\" target=\"blank\" rel=\"noopener\">Lire la suite&#8230;<\/a><\/p>\n","protected":false},"excerpt":{"rendered":"<p>&lt;img class=&quot;size-medium wp-image-1512500&quot; src=&quot;https:\/\/news.evearly.com\/wp-content\/uploads\/2023\/01\/renault-5-electrique-elle-serait-bien-moins-chere-que-la-zoe-mais-avec-un-couac-sur-lautonomie.jpg&quot; alt=&quot;&quot; width=&quot;1200&quot; height=&quot;799&quot; srcset=&quot;https:\/\/news.evearly.com\/wp-content\/uploads\/2023\/01\/renault-5-electrique-elle-serait-bien-moins-chere-que-la-zoe-mais-avec-un-couac-sur-lautonomie.jpg 1200w, https:\/\/news.evearly.com\/wp-content\/uploads\/2023\/01\/renault-5-electrique-elle-serait-bien-moins-chere-que-la-zoe-mais-avec-un-couac-sur-lautonomie-1.jpg 768w, https:\/\/news.evearly.com\/wp-content\/uploads\/2023\/01\/renault-5-electrique-elle-serait-bien-moins-chere-que-la-zoe-mais-avec-un-couac-sur-lautonomie-2.jpg 928w, https:\/\/images.frandroid.com\/wp-content\/uploads\/2022\/10\/renault-r5-frandroid-img-2723-300&#215;200.jpg 300w&quot; sizes=&quot;(max-width: 1200px) 100vw, 1200px&quot; \/<br \/>Attendue pour 2024, la future Renault 5 \u00e9lectrique devrait co\u00fbter beaucoup moins cher que la Zo\u00e9. Mais ses performances au niveau de l&rsquo;autonomie pourraient \u00eatre d\u00e9cevantes pour les clients, pourtant d\u00e9j\u00e0 conquis par son look.Renault, comme tous les constructeurs g\u00e9n\u00e9ralistes, va devoir massivement \u00e9lectrifier sa gamme au cours des prochaines ann\u00e9es, afin d\u2019\u00eatre en conformit\u00e9 [\u2026]<\/p>\n<p> <a class=\"continue-reading-link\" href=\"https:\/\/www.evearly.news\/fr\/renault-5-electrique-elle-serait-bien-moins-chere-que-la-zoe-mais-avec-un-couac-sur-lautonomie\/\"><\/a><\/p>\n","protected":false},"author":6,"featured_media":0,"comment_status":"closed","ping_status":"closed","sticky":false,"template":"","format":"standard","meta":{"footnotes":""},"categories":[14],"tags":[],"class_list":["post-222589","post","type-post","status-publish","format-standard","hentry","category-frandroid"],"_links":{"self":[{"href":"https:\/\/www.evearly.news\/fr\/wp-json\/wp\/v2\/posts\/222589","targetHints":{"allow":["GET"]}}],"collection":[{"href":"https:\/\/www.evearly.news\/fr\/wp-json\/wp\/v2\/posts"}],"about":[{"href":"https:\/\/www.evearly.news\/fr\/wp-json\/wp\/v2\/types\/post"}],"author":[{"embeddable":true,"href":"https:\/\/www.evearly.news\/fr\/wp-json\/wp\/v2\/users\/6"}],"replies":[{"embeddable":true,"href":"https:\/\/www.evearly.news\/fr\/wp-json\/wp\/v2\/comments?post=222589"}],"version-history":[{"count":2,"href":"https:\/\/www.evearly.news\/fr\/wp-json\/wp\/v2\/posts\/222589\/revisions"}],"predecessor-version":[{"id":263019,"href":"https:\/\/www.evearly.news\/fr\/wp-json\/wp\/v2\/posts\/222589\/revisions\/263019"}],"wp:attachment":[{"href":"https:\/\/www.evearly.news\/fr\/wp-json\/wp\/v2\/media?parent=222589"}],"wp:term":[{"taxonomy":"category","embeddable":true,"href":"https:\/\/www.evearly.news\/fr\/wp-json\/wp\/v2\/categories?post=222589"},{"taxonomy":"post_tag","embeddable":true,"href":"https:\/\/www.evearly.news\/fr\/wp-json\/wp\/v2\/tags?post=222589"}],"curies":[{"name":"wp","href":"https:\/\/api.w.org\/{rel}","templated":true}]}}