{"id":224211,"date":"2023-02-05T17:00:48","date_gmt":"2023-02-05T16:00:48","guid":{"rendered":"https:\/\/news.evearly.com\/nouvelle-peugeot-508-on-sait-enfin-quand-elle-sera-renouvelee\/"},"modified":"2023-02-05T17:00:48","modified_gmt":"2023-02-05T16:00:48","slug":"nouvelle-peugeot-508-on-sait-enfin-quand-elle-sera-renouvelee","status":"publish","type":"post","link":"https:\/\/www.evearly.news\/fr\/nouvelle-peugeot-508-on-sait-enfin-quand-elle-sera-renouvelee\/","title":{"rendered":"Nouvelle Peugeot 508 : on sait enfin quand elle sera renouvel\u00e9e"},"content":{"rendered":"<p><img decoding=\"async\" src=\"https:\/\/sf1.auto-moto.com\/wp-content\/uploads\/sites\/9\/2023\/02\/04-2-750x410.jpg\"><br \/>La gamme Peugeot serait-elle devenue toxique pour la 508 ? Alors que le duo de SUV 3008\/5008 lui taille des croupi\u00e8res depuis plusieurs ann\u00e9es, voil\u00e0 qu&rsquo;une certaine 408 est venue l&rsquo;attaquer frontalement sur le terrain des berlines, avec une architecture originale. Mais la 508 n\u2019a pas dit son dernier mot et compte bien tirer profit de son restylage imminent pour relancer sa carri\u00e8re. <a href=\"https:\/\/www.auto-moto.com\/nouveautes\/scoop\/nouvelle-peugeot-508-on-sait-enfin-sera-renouvelee-401707.html?utm_source=rss_feed&amp;utm_medium=link&amp;utm_campaign=unknown\" target='bwindow' rel=\"noopener\">Lire la suite&#8230;<\/a><\/p>\n","protected":false},"excerpt":{"rendered":"<p>La gamme Peugeot serait-elle devenue toxique pour la 508 ? Alors que le duo de SUV 3008\/5008 lui taille des croupi\u00e8res depuis plusieurs ann\u00e9es, voil\u00e0 qu&rsquo;une certaine 408 est venue l&rsquo;attaquer frontalement sur le terrain des berlines, avec une architecture originale. Mais la 508 n\u2019a pas dit son dernier mot et&#8230; <a class=\"continue-reading-link\" href=\"https:\/\/www.evearly.news\/fr\/nouvelle-peugeot-508-on-sait-enfin-quand-elle-sera-renouvelee\/\"><\/a><\/p>\n","protected":false},"author":9,"featured_media":224212,"comment_status":"closed","ping_status":"closed","sticky":false,"template":"Default","format":"standard","meta":{"footnotes":""},"categories":[10],"tags":[],"class_list":["post-224211","post","type-post","status-publish","format-standard","has-post-thumbnail","hentry","category-auto-moto-com"],"_links":{"self":[{"href":"https:\/\/www.evearly.news\/fr\/wp-json\/wp\/v2\/posts\/224211","targetHints":{"allow":["GET"]}}],"collection":[{"href":"https:\/\/www.evearly.news\/fr\/wp-json\/wp\/v2\/posts"}],"about":[{"href":"https:\/\/www.evearly.news\/fr\/wp-json\/wp\/v2\/types\/post"}],"author":[{"embeddable":true,"href":"https:\/\/www.evearly.news\/fr\/wp-json\/wp\/v2\/users\/9"}],"replies":[{"embeddable":true,"href":"https:\/\/www.evearly.news\/fr\/wp-json\/wp\/v2\/comments?post=224211"}],"version-history":[{"count":0,"href":"https:\/\/www.evearly.news\/fr\/wp-json\/wp\/v2\/posts\/224211\/revisions"}],"wp:featuredmedia":[{"embeddable":true,"href":"https:\/\/www.evearly.news\/fr\/wp-json\/"}],"wp:attachment":[{"href":"https:\/\/www.evearly.news\/fr\/wp-json\/wp\/v2\/media?parent=224211"}],"wp:term":[{"taxonomy":"category","embeddable":true,"href":"https:\/\/www.evearly.news\/fr\/wp-json\/wp\/v2\/categories?post=224211"},{"taxonomy":"post_tag","embeddable":true,"href":"https:\/\/www.evearly.news\/fr\/wp-json\/wp\/v2\/tags?post=224211"}],"curies":[{"name":"wp","href":"https:\/\/api.w.org\/{rel}","templated":true}]}}