{"id":224214,"date":"2023-02-05T17:02:18","date_gmt":"2023-02-05T16:02:18","guid":{"rendered":"https:\/\/news.evearly.com\/temoignage-qualites-et-defauts-olivier-nous-dit-tout-de-sa-vie-de-vtc-electrique-en-hyundai-ioniq-5\/"},"modified":"2023-08-17T04:24:10","modified_gmt":"2023-08-17T04:24:10","slug":"temoignage-qualites-et-defauts-olivier-nous-dit-tout-de-sa-vie-de-vtc-electrique-en-hyundai-ioniq-5","status":"publish","type":"post","link":"https:\/\/www.evearly.news\/fr\/temoignage-qualites-et-defauts-olivier-nous-dit-tout-de-sa-vie-de-vtc-electrique-en-hyundai-ioniq-5\/","title":{"rendered":"T\u00e9moignage \u2013 Qualit\u00e9s et d\u00e9fauts, Olivier nous dit tout de sa vie de VTC \u00e9lectrique en Hyundai Ioniq 5"},"content":{"rendered":"<p><img decoding=\"async\" width=\"500\" height=\"333\" src=\"https:\/\/news.evearly.com\/wp-content\/uploads\/2023\/02\/temoignage-qualites-et-defauts-olivier-nous-dit-tout-de-sa-vie-de-vtc-electrique-en-hyundai-ioniq-5.jpg\" class=\"attachment-186x124 size-186x124 wp-post-image\" alt=\"Hyundai Ioniq 5 VTC de Olivier Rakinski\" loading=\"lazy\" \/><br \/>\nVTC en Hyundai Ioniq 5 \u00e0 Marseille, notre lecteur Olivier Rakinski est aujourd&rsquo;hui tr\u00e8s satisfait de sa nouvelle activit\u00e9 et\u2026 <a href=\"https:\/\/www.automobile-propre.com\/temoignage-qualites-et-defauts-olivier-nous-dit-tout-de-sa-vie-de-vtc-electrique-en-hyundai-ioniq-5\/\" target='bwindow' rel=\"noopener\">Lire la suite&#8230;<\/a><\/p>\n","protected":false},"excerpt":{"rendered":"<p>VTC en Hyundai Ioniq 5 \u00e0 Marseille, notre lecteur Olivier Rakinski est aujourd&rsquo;hui tr\u00e8s satisfait de sa nouvelle activit\u00e9 et\u2026 Lire la suite&#8230;&#8230; <a class=\"continue-reading-link\" href=\"https:\/\/www.evearly.news\/fr\/temoignage-qualites-et-defauts-olivier-nous-dit-tout-de-sa-vie-de-vtc-electrique-en-hyundai-ioniq-5\/\"><\/a><\/p>\n","protected":false},"author":8,"featured_media":0,"comment_status":"closed","ping_status":"closed","sticky":false,"template":"","format":"standard","meta":{"footnotes":""},"categories":[8],"tags":[],"class_list":["post-224214","post","type-post","status-publish","format-standard","hentry","category-automobile-propre"],"_links":{"self":[{"href":"https:\/\/www.evearly.news\/fr\/wp-json\/wp\/v2\/posts\/224214","targetHints":{"allow":["GET"]}}],"collection":[{"href":"https:\/\/www.evearly.news\/fr\/wp-json\/wp\/v2\/posts"}],"about":[{"href":"https:\/\/www.evearly.news\/fr\/wp-json\/wp\/v2\/types\/post"}],"author":[{"embeddable":true,"href":"https:\/\/www.evearly.news\/fr\/wp-json\/wp\/v2\/users\/8"}],"replies":[{"embeddable":true,"href":"https:\/\/www.evearly.news\/fr\/wp-json\/wp\/v2\/comments?post=224214"}],"version-history":[{"count":1,"href":"https:\/\/www.evearly.news\/fr\/wp-json\/wp\/v2\/posts\/224214\/revisions"}],"predecessor-version":[{"id":252562,"href":"https:\/\/www.evearly.news\/fr\/wp-json\/wp\/v2\/posts\/224214\/revisions\/252562"}],"wp:attachment":[{"href":"https:\/\/www.evearly.news\/fr\/wp-json\/wp\/v2\/media?parent=224214"}],"wp:term":[{"taxonomy":"category","embeddable":true,"href":"https:\/\/www.evearly.news\/fr\/wp-json\/wp\/v2\/categories?post=224214"},{"taxonomy":"post_tag","embeddable":true,"href":"https:\/\/www.evearly.news\/fr\/wp-json\/wp\/v2\/tags?post=224214"}],"curies":[{"name":"wp","href":"https:\/\/api.w.org\/{rel}","templated":true}]}}