{"id":224255,"date":"2023-02-06T06:00:17","date_gmt":"2023-02-06T05:00:17","guid":{"rendered":"https:\/\/news.evearly.com\/volkswagen-lance-lid-club-un-programme-dessais-original\/"},"modified":"2023-08-17T18:40:19","modified_gmt":"2023-08-17T18:40:19","slug":"volkswagen-lance-lid-club-un-programme-dessais-original","status":"publish","type":"post","link":"https:\/\/www.evearly.news\/fr\/volkswagen-lance-lid-club-un-programme-dessais-original\/","title":{"rendered":"Volkswagen lance l\u2019ID. Club, un programme d\u2019essais original"},"content":{"rendered":"<p><img decoding=\"async\" width=\"1000\" height=\"563\" src=\"https:\/\/news.evearly.com\/wp-content\/uploads\/2023\/02\/volkswagen-lance-lid-club-un-programme-dessais-original.jpg\" class=\"attachment-post-thumbnail size-post-thumbnail wp-post-image\" alt=\"Volkswagen ID. Club Essais\" loading=\"lazy\" \/>Volkswagen a lanc\u00e9 en d\u00e9but d\u2019ann\u00e9e son \u00ab\u00a0ID. Club\u00a0\u00bb. Un club d\u2019ambassadeurs mettant en relation des propri\u00e9taires de mod\u00e8les ID. avec des prospects en qu\u00eate d\u2019informations. Par cette initiative, Volkswagen veut initier un plus grand nombre de personnes \u00e0 la conduite \u00e9lectrique. En se basant sur le partage d\u2019exp\u00e9rience de [\u2026] <a href=\"https:\/\/www.avem.fr\/2023\/02\/06\/volkswagen-lance-lid-club-un-programme-dessais-original\/\" target=\"blank\" rel=\"noopener\">Lire la suite&#8230;<\/a><\/p>\n","protected":false},"excerpt":{"rendered":"<p><img decoding=\"async\" width=\"1000\" height=\"563\" src=\"https:\/\/news.evearly.com\/wp-content\/uploads\/2023\/02\/volkswagen-lance-lid-club-un-programme-dessais-original.jpg\" class=\"attachment-post-thumbnail size-post-thumbnail wp-post-image\" alt=\"Volkswagen ID. Club Essais\" loading=\"lazy\" \/>Volkswagen a lanc\u00e9 en d\u00e9but d\u2019ann\u00e9e son \u00ab\u00a0ID. Club\u00a0\u00bb. Un club d\u2019ambassadeurs mettant en relation des propri\u00e9taires de mod\u00e8les ID. avec des prospects en qu\u00eate d\u2019informations. Par cette initiative, Volkswagen veut initier un plus grand nombre de personnes \u00e0 la conduite \u00e9lectrique. En se basant sur le partage d\u2019exp\u00e9rience de [\u2026] <a class=\"continue-reading-link\" href=\"https:\/\/www.evearly.news\/fr\/volkswagen-lance-lid-club-un-programme-dessais-original\/\"><\/a><\/p>\n","protected":false},"author":3,"featured_media":0,"comment_status":"closed","ping_status":"closed","sticky":false,"template":"","format":"standard","meta":{"footnotes":""},"categories":[3],"tags":[],"class_list":["post-224255","post","type-post","status-publish","format-standard","hentry","category-avem"],"_links":{"self":[{"href":"https:\/\/www.evearly.news\/fr\/wp-json\/wp\/v2\/posts\/224255","targetHints":{"allow":["GET"]}}],"collection":[{"href":"https:\/\/www.evearly.news\/fr\/wp-json\/wp\/v2\/posts"}],"about":[{"href":"https:\/\/www.evearly.news\/fr\/wp-json\/wp\/v2\/types\/post"}],"author":[{"embeddable":true,"href":"https:\/\/www.evearly.news\/fr\/wp-json\/wp\/v2\/users\/3"}],"replies":[{"embeddable":true,"href":"https:\/\/www.evearly.news\/fr\/wp-json\/wp\/v2\/comments?post=224255"}],"version-history":[{"count":1,"href":"https:\/\/www.evearly.news\/fr\/wp-json\/wp\/v2\/posts\/224255\/revisions"}],"predecessor-version":[{"id":256427,"href":"https:\/\/www.evearly.news\/fr\/wp-json\/wp\/v2\/posts\/224255\/revisions\/256427"}],"wp:attachment":[{"href":"https:\/\/www.evearly.news\/fr\/wp-json\/wp\/v2\/media?parent=224255"}],"wp:term":[{"taxonomy":"category","embeddable":true,"href":"https:\/\/www.evearly.news\/fr\/wp-json\/wp\/v2\/categories?post=224255"},{"taxonomy":"post_tag","embeddable":true,"href":"https:\/\/www.evearly.news\/fr\/wp-json\/wp\/v2\/tags?post=224255"}],"curies":[{"name":"wp","href":"https:\/\/api.w.org\/{rel}","templated":true}]}}