{"id":224261,"date":"2023-02-06T08:00:00","date_gmt":"2023-02-06T07:00:00","guid":{"rendered":"https:\/\/news.evearly.com\/europe-lelectrique-devant-le-diesel-des-cette-annee\/"},"modified":"2023-02-06T08:00:00","modified_gmt":"2023-02-06T07:00:00","slug":"europe-lelectrique-devant-le-diesel-des-cette-annee","status":"publish","type":"post","link":"https:\/\/www.evearly.news\/fr\/europe-lelectrique-devant-le-diesel-des-cette-annee\/","title":{"rendered":"Europe: l&rsquo;\u00e9lectrique devant le diesel d\u00e8s cette ann\u00e9e?"},"content":{"rendered":"<p><img decoding=\"async\" src=\"https:\/\/news.evearly.com\/wp-content\/uploads\/2023\/02\/europe-lelectrique-devant-le-diesel-des-cette-annee.jpg\" \/> Sur le Vieux continent, les courbes de vente de voitures diesel et 100% \u00e9lectriques se sont fortement rapproch\u00e9es l&rsquo;an dernier. Pour probablement se croiser dans les mois qui viennent. <a href=\"https:\/\/www.caradisiac.com\/europe-les-electriques-devant-le-diesel-des-cette-annee-200634.htm#xtor=RSS-40\" target=\"blank\" rel=\"noopener\">Lire la suite&#8230;<\/a><\/p>\n","protected":false},"excerpt":{"rendered":"<p><img decoding=\"async\" src=\"https:\/\/news.evearly.com\/wp-content\/uploads\/2023\/02\/europe-lelectrique-devant-le-diesel-des-cette-annee.jpg\" \/> Sur le Vieux continent, les courbes de vente de voitures diesel et 100% \u00e9lectriques se sont fortement rapproch\u00e9es l&rsquo;an dernier. Pour probablement se croiser dans les mois qui viennent.<\/p>\n<p> <a class=\"continue-reading-link\" href=\"https:\/\/www.evearly.news\/fr\/europe-lelectrique-devant-le-diesel-des-cette-annee\/\"><\/a><\/p>\n","protected":false},"author":11,"featured_media":0,"comment_status":"closed","ping_status":"closed","sticky":false,"template":"Default","format":"standard","meta":{"footnotes":""},"categories":[11],"tags":[],"class_list":["post-224261","post","type-post","status-publish","format-standard","hentry","category-caradisiac"],"_links":{"self":[{"href":"https:\/\/www.evearly.news\/fr\/wp-json\/wp\/v2\/posts\/224261","targetHints":{"allow":["GET"]}}],"collection":[{"href":"https:\/\/www.evearly.news\/fr\/wp-json\/wp\/v2\/posts"}],"about":[{"href":"https:\/\/www.evearly.news\/fr\/wp-json\/wp\/v2\/types\/post"}],"author":[{"embeddable":true,"href":"https:\/\/www.evearly.news\/fr\/wp-json\/wp\/v2\/users\/11"}],"replies":[{"embeddable":true,"href":"https:\/\/www.evearly.news\/fr\/wp-json\/wp\/v2\/comments?post=224261"}],"version-history":[{"count":0,"href":"https:\/\/www.evearly.news\/fr\/wp-json\/wp\/v2\/posts\/224261\/revisions"}],"wp:attachment":[{"href":"https:\/\/www.evearly.news\/fr\/wp-json\/wp\/v2\/media?parent=224261"}],"wp:term":[{"taxonomy":"category","embeddable":true,"href":"https:\/\/www.evearly.news\/fr\/wp-json\/wp\/v2\/categories?post=224261"},{"taxonomy":"post_tag","embeddable":true,"href":"https:\/\/www.evearly.news\/fr\/wp-json\/wp\/v2\/tags?post=224261"}],"curies":[{"name":"wp","href":"https:\/\/api.w.org\/{rel}","templated":true}]}}