{"id":2265,"date":"2019-09-09T13:01:05","date_gmt":"2019-09-09T11:01:05","guid":{"rendered":"https:\/\/news.evearly.com\/?p=2265"},"modified":"2019-09-09T13:01:05","modified_gmt":"2019-09-09T11:01:05","slug":"volkswagen-e-up-lelectrique-facturee-159-euros-mois-en-allemagne","status":"publish","type":"post","link":"https:\/\/www.evearly.news\/fr\/volkswagen-e-up-lelectrique-facturee-159-euros-mois-en-allemagne\/","title":{"rendered":"Volkswagen e-up! : l\u2019\u00e9lectrique factur\u00e9e 159 euros\/mois en Allemagne"},"content":{"rendered":"\n<figure class=\"wp-block-image size-large\"><img decoding=\"async\" src=\"https:\/\/news.evearly.com\/wp-content\/uploads\/2019\/09\/4734_W750.jpg\" alt=\"\" class=\"wp-image-2286\" \/><\/figure>\n\n\n<p>TARIFS &#8211; Pr\u00e9sent\u00e9e dans les prochains jours lors du salon de Francfort, la nouvelle mouture de la citadine \u00e9lectrique Volkswagen e-up! gagne en autonomie et voit son prix baisser. Outre-Rhin, la cousine des Seat Mii Electric et Skoda Citigo e iV sera lanc\u00e9e en octobre au tarif de 21\u00a0975 euros (hors aides) et via une LLD factur\u00e9e 159 euros\/mois. Explications.<br \/>Inabordable, la voiture \u00e9lectrique\u00a0? E&#8230;<\/p>\n<p><a href=\"https:\/\/www.breezcar.com\/actualites\/article\/volkswagen-e-up-lelectrique-facturee-159-eurosmois-en-allemagne-0919\" target=\"_blank\" rel=\"noopener noreferrer\">Lire la suite&#8230;<\/a><\/p>","protected":false},"excerpt":{"rendered":"<p> TARIFS &#8211; Pr\u00e9sent\u00e9e dans les prochains jours lors du salon de Francfort, la nouvelle mouture de la citadine \u00e9lectrique Volkswagen e-up! gagne en autonomie et voit son prix baisser. Outre-Rhin, la cousine des Seat Mii Electric et Skoda Citigo e iV sera lanc\u00e9e en octobre au tarif de 21\u00a0975 euros (hors aides) et via une LLD factur\u00e9e 159 euros\/mois. Explications.<br \/>\nInabordable, la voiture \u00e9lectrique\u00a0? E&#8230;  <a class=\"continue-reading-link\" href=\"https:\/\/www.evearly.news\/fr\/volkswagen-e-up-lelectrique-facturee-159-euros-mois-en-allemagne\/\"><\/a><\/p>\n","protected":false},"author":29,"featured_media":113274,"comment_status":"closed","ping_status":"closed","sticky":false,"template":"","format":"standard","meta":{"footnotes":""},"categories":[25],"tags":[],"class_list":["post-2265","post","type-post","status-publish","format-standard","has-post-thumbnail","hentry","category-breezcar"],"_links":{"self":[{"href":"https:\/\/www.evearly.news\/fr\/wp-json\/wp\/v2\/posts\/2265","targetHints":{"allow":["GET"]}}],"collection":[{"href":"https:\/\/www.evearly.news\/fr\/wp-json\/wp\/v2\/posts"}],"about":[{"href":"https:\/\/www.evearly.news\/fr\/wp-json\/wp\/v2\/types\/post"}],"author":[{"embeddable":true,"href":"https:\/\/www.evearly.news\/fr\/wp-json\/wp\/v2\/users\/29"}],"replies":[{"embeddable":true,"href":"https:\/\/www.evearly.news\/fr\/wp-json\/wp\/v2\/comments?post=2265"}],"version-history":[{"count":0,"href":"https:\/\/www.evearly.news\/fr\/wp-json\/wp\/v2\/posts\/2265\/revisions"}],"wp:featuredmedia":[{"embeddable":true,"href":"https:\/\/www.evearly.news\/fr\/wp-json\/"}],"wp:attachment":[{"href":"https:\/\/www.evearly.news\/fr\/wp-json\/wp\/v2\/media?parent=2265"}],"wp:term":[{"taxonomy":"category","embeddable":true,"href":"https:\/\/www.evearly.news\/fr\/wp-json\/wp\/v2\/categories?post=2265"},{"taxonomy":"post_tag","embeddable":true,"href":"https:\/\/www.evearly.news\/fr\/wp-json\/wp\/v2\/tags?post=2265"}],"curies":[{"name":"wp","href":"https:\/\/api.w.org\/{rel}","templated":true}]}}