{"id":2266,"date":"2019-09-09T10:32:42","date_gmt":"2019-09-09T08:32:42","guid":{"rendered":"https:\/\/news.evearly.com\/?p=2266"},"modified":"2019-09-09T10:32:42","modified_gmt":"2019-09-09T08:32:42","slug":"bornes-de-recharge-hyundai-kia-entre-au-capital-du-reseau-ionity","status":"publish","type":"post","link":"https:\/\/www.evearly.news\/fr\/bornes-de-recharge-hyundai-kia-entre-au-capital-du-reseau-ionity\/","title":{"rendered":"Bornes de recharge : Hyundai-Kia entre au capital du r\u00e9seau IONITY"},"content":{"rendered":"\n<figure class=\"wp-block-image size-large\"><img decoding=\"async\" src=\"https:\/\/news.evearly.com\/wp-content\/uploads\/2019\/09\/4733_W750.jpg\" alt=\"\" class=\"wp-image-2289\" \/><\/figure>\n\n\n<p>INFRASTRUCTURE &#8211; Consortium sp\u00e9cialis\u00e9 dans le d\u00e9ploiement et l\u2019exploitation de stations de charge \u00e0 haute puissance pour voitures \u00e9lectriques, IONITY accueille un nouveau membre parmi ses principaux actionnaires. Tr\u00e8s ambitieux dans le domaine de la mobilit\u00e9 \u00ab\u00a0z\u00e9ro \u00e9mission\u00a0\u00bb, le groupe Hyundai-Kia investit dans le r\u00e9seau qui comptera fin 2020 quelque 400 stations en Europe.<br \/>Apr\u00e8s Tesla et son r&#8230;<\/p>\n<p><a href=\"https:\/\/www.breezcar.com\/actualites\/article\/bornes-de-recharge-hyundai-kia-entre-au-capital-du-reseau-ionity-0919\" target=\"_blank\" rel=\"noopener noreferrer\">Lire la suite&#8230;<\/a><\/p>","protected":false},"excerpt":{"rendered":"<p> INFRASTRUCTURE &#8211; Consortium sp\u00e9cialis\u00e9 dans le d\u00e9ploiement et l\u2019exploitation de stations de charge \u00e0 haute puissance pour voitures \u00e9lectriques, IONITY accueille un nouveau membre parmi ses principaux actionnaires. Tr\u00e8s ambitieux dans le domaine de la mobilit\u00e9 \u00ab\u00a0z\u00e9ro \u00e9mission\u00a0\u00bb, le groupe Hyundai-Kia investit dans le r\u00e9seau qui comptera fin 2020 quelque 400 stations en Europe.<br \/>\nApr\u00e8s Tesla et son r&#8230;  <a class=\"continue-reading-link\" href=\"https:\/\/www.evearly.news\/fr\/bornes-de-recharge-hyundai-kia-entre-au-capital-du-reseau-ionity\/\"><\/a><\/p>\n","protected":false},"author":29,"featured_media":113276,"comment_status":"closed","ping_status":"closed","sticky":false,"template":"","format":"standard","meta":{"footnotes":""},"categories":[25],"tags":[],"class_list":["post-2266","post","type-post","status-publish","format-standard","has-post-thumbnail","hentry","category-breezcar"],"_links":{"self":[{"href":"https:\/\/www.evearly.news\/fr\/wp-json\/wp\/v2\/posts\/2266","targetHints":{"allow":["GET"]}}],"collection":[{"href":"https:\/\/www.evearly.news\/fr\/wp-json\/wp\/v2\/posts"}],"about":[{"href":"https:\/\/www.evearly.news\/fr\/wp-json\/wp\/v2\/types\/post"}],"author":[{"embeddable":true,"href":"https:\/\/www.evearly.news\/fr\/wp-json\/wp\/v2\/users\/29"}],"replies":[{"embeddable":true,"href":"https:\/\/www.evearly.news\/fr\/wp-json\/wp\/v2\/comments?post=2266"}],"version-history":[{"count":0,"href":"https:\/\/www.evearly.news\/fr\/wp-json\/wp\/v2\/posts\/2266\/revisions"}],"wp:featuredmedia":[{"embeddable":true,"href":"https:\/\/www.evearly.news\/fr\/wp-json\/"}],"wp:attachment":[{"href":"https:\/\/www.evearly.news\/fr\/wp-json\/wp\/v2\/media?parent=2266"}],"wp:term":[{"taxonomy":"category","embeddable":true,"href":"https:\/\/www.evearly.news\/fr\/wp-json\/wp\/v2\/categories?post=2266"},{"taxonomy":"post_tag","embeddable":true,"href":"https:\/\/www.evearly.news\/fr\/wp-json\/wp\/v2\/tags?post=2266"}],"curies":[{"name":"wp","href":"https:\/\/api.w.org\/{rel}","templated":true}]}}