{"id":230808,"date":"2023-03-01T09:43:24","date_gmt":"2023-03-01T08:43:24","guid":{"rendered":"https:\/\/news.evearly.com\/volkswagen-id-3-deja-de-petits-changements\/"},"modified":"2023-12-06T11:26:31","modified_gmt":"2023-12-06T10:26:31","slug":"volkswagen-id-3-deja-de-petits-changements","status":"publish","type":"post","link":"https:\/\/www.evearly.news\/fr\/volkswagen-id-3-deja-de-petits-changements\/","title":{"rendered":"Volkswagen ID.3 : d\u00e9j\u00e0 de (petits) changements"},"content":{"rendered":"<div class=\"media_block\"><img decoding=\"async\" src=\"https:\/\/news.evearly.com\/wp-content\/uploads\/2023\/03\/volkswagen-id-3-deja-de-petits-changements.jpg\"><\/div>\n<p>La Volkswagen ID.3 entre d\u00e9j\u00e0 dans sa deuxi\u00e8me g\u00e9n\u00e9ration selon le constructeur, mais les changements restent limit\u00e9s.<a href=\"https:\/\/insideevs.fr\/news\/654949\/volkswagen-id3-restylee-changements\/\" target=\"blank\" rel=\"noopener\"> Lire la suite&#8230;<\/a><\/p>\n","protected":false},"excerpt":{"rendered":"<div class=\"media_block\"><img decoding=\"async\" src=\"https:\/\/news.evearly.com\/wp-content\/uploads\/2023\/03\/volkswagen-id-3-deja-de-petits-changements.jpg\"><\/div>\n<p>La Volkswagen ID.3 entre d\u00e9j\u00e0 dans sa deuxi\u00e8me g\u00e9n\u00e9ration selon le constructeur, mais les changements restent limit\u00e9s. <a class=\"continue-reading-link\" href=\"https:\/\/www.evearly.news\/fr\/volkswagen-id-3-deja-de-petits-changements\/\"><\/a><\/p>\n","protected":false},"author":14,"featured_media":230809,"comment_status":"closed","ping_status":"closed","sticky":false,"template":"","format":"standard","meta":{"footnotes":""},"categories":[15],"tags":[],"class_list":["post-230808","post","type-post","status-publish","format-standard","has-post-thumbnail","hentry","category-insideevs"],"_links":{"self":[{"href":"https:\/\/www.evearly.news\/fr\/wp-json\/wp\/v2\/posts\/230808","targetHints":{"allow":["GET"]}}],"collection":[{"href":"https:\/\/www.evearly.news\/fr\/wp-json\/wp\/v2\/posts"}],"about":[{"href":"https:\/\/www.evearly.news\/fr\/wp-json\/wp\/v2\/types\/post"}],"author":[{"embeddable":true,"href":"https:\/\/www.evearly.news\/fr\/wp-json\/wp\/v2\/users\/14"}],"replies":[{"embeddable":true,"href":"https:\/\/www.evearly.news\/fr\/wp-json\/wp\/v2\/comments?post=230808"}],"version-history":[{"count":1,"href":"https:\/\/www.evearly.news\/fr\/wp-json\/wp\/v2\/posts\/230808\/revisions"}],"predecessor-version":[{"id":270197,"href":"https:\/\/www.evearly.news\/fr\/wp-json\/wp\/v2\/posts\/230808\/revisions\/270197"}],"wp:featuredmedia":[{"embeddable":true,"href":"https:\/\/www.evearly.news\/fr\/wp-json\/"}],"wp:attachment":[{"href":"https:\/\/www.evearly.news\/fr\/wp-json\/wp\/v2\/media?parent=230808"}],"wp:term":[{"taxonomy":"category","embeddable":true,"href":"https:\/\/www.evearly.news\/fr\/wp-json\/wp\/v2\/categories?post=230808"},{"taxonomy":"post_tag","embeddable":true,"href":"https:\/\/www.evearly.news\/fr\/wp-json\/wp\/v2\/tags?post=230808"}],"curies":[{"name":"wp","href":"https:\/\/api.w.org\/{rel}","templated":true}]}}