{"id":232220,"date":"2023-03-08T10:40:48","date_gmt":"2023-03-08T09:40:48","guid":{"rendered":"https:\/\/news.evearly.com\/voiture-electrique-le-gouvernement-a-reussi-a-diminuer-le-cout-de-la-recharge-la-preuve-avec-cette-nouvelle-baisse\/"},"modified":"2023-12-06T11:05:28","modified_gmt":"2023-12-06T10:05:28","slug":"voiture-electrique-le-gouvernement-a-reussi-a-diminuer-le-cout-de-la-recharge-la-preuve-avec-cette-nouvelle-baisse","status":"publish","type":"post","link":"https:\/\/www.evearly.news\/fr\/voiture-electrique-le-gouvernement-a-reussi-a-diminuer-le-cout-de-la-recharge-la-preuve-avec-cette-nouvelle-baisse\/","title":{"rendered":"Voiture \u00e9lectrique : le gouvernement a r\u00e9ussi \u00e0 diminuer le co\u00fbt de la recharge, la preuve avec cette nouvelle baisse"},"content":{"rendered":"<p><img decoding=\"async\" width=\"1200\" height=\"800\" src=\"https:\/\/news.evearly.com\/wp-content\/uploads\/2023\/03\/voiture-electrique-le-gouvernement-a-reussi-a-diminuer-le-cout-de-la-recharge-la-preuve-avec-cette-nouvelle-baisse.jpg\" class=\"attachment-large size-large wp-post-image\" alt=\"\" loading=\"lazy\" \/><br \/>Apr\u00e8s une l\u00e9g\u00e8re hausse en janvier, Electra revoit les prix de la recharge rapide des voitures \u00e9lectriques sur ses bornes \u00e0 la baisse. L&rsquo;entreprise annonce \u00e9galement l&rsquo;implantation de nouvelles stations sur les aires d&rsquo;autoroutes du r\u00e9seau Vinci. <a href=\"https:\/\/www.frandroid.com\/produits-android\/automobile\/voitures-electriques\/1630251_voiture-electrique-le-gouvernement-a-reussi-a-diminuer-le-cout-de-la-recharge-la-preuve-avec-cette-nouvelle-baisse\" target=\"blank\" rel=\"noopener\">Lire la suite&#8230;<\/a><\/p>\n","protected":false},"excerpt":{"rendered":"<p><img decoding=\"async\" width=\"1200\" height=\"800\" src=\"https:\/\/news.evearly.com\/wp-content\/uploads\/2023\/03\/voiture-electrique-le-gouvernement-a-reussi-a-diminuer-le-cout-de-la-recharge-la-preuve-avec-cette-nouvelle-baisse.jpg\" class=\"attachment-large size-large wp-post-image\" alt=\"\" loading=\"lazy\" \/><br \/>Apr\u00e8s une l\u00e9g\u00e8re hausse en janvier, Electra revoit les prix de la recharge rapide des voitures \u00e9lectriques sur ses bornes \u00e0 la baisse. L&rsquo;entreprise annonce \u00e9galement l&rsquo;implantation de nouvelles stations sur les aires d&rsquo;autoroutes du r\u00e9seau Vinci.<\/p>\n<p> <a class=\"continue-reading-link\" href=\"https:\/\/www.evearly.news\/fr\/voiture-electrique-le-gouvernement-a-reussi-a-diminuer-le-cout-de-la-recharge-la-preuve-avec-cette-nouvelle-baisse\/\"><\/a><\/p>\n","protected":false},"author":6,"featured_media":232221,"comment_status":"closed","ping_status":"closed","sticky":false,"template":"","format":"standard","meta":{"footnotes":""},"categories":[14],"tags":[],"class_list":["post-232220","post","type-post","status-publish","format-standard","has-post-thumbnail","hentry","category-frandroid"],"_links":{"self":[{"href":"https:\/\/www.evearly.news\/fr\/wp-json\/wp\/v2\/posts\/232220","targetHints":{"allow":["GET"]}}],"collection":[{"href":"https:\/\/www.evearly.news\/fr\/wp-json\/wp\/v2\/posts"}],"about":[{"href":"https:\/\/www.evearly.news\/fr\/wp-json\/wp\/v2\/types\/post"}],"author":[{"embeddable":true,"href":"https:\/\/www.evearly.news\/fr\/wp-json\/wp\/v2\/users\/6"}],"replies":[{"embeddable":true,"href":"https:\/\/www.evearly.news\/fr\/wp-json\/wp\/v2\/comments?post=232220"}],"version-history":[{"count":1,"href":"https:\/\/www.evearly.news\/fr\/wp-json\/wp\/v2\/posts\/232220\/revisions"}],"predecessor-version":[{"id":269857,"href":"https:\/\/www.evearly.news\/fr\/wp-json\/wp\/v2\/posts\/232220\/revisions\/269857"}],"wp:featuredmedia":[{"embeddable":true,"href":"https:\/\/www.evearly.news\/fr\/wp-json\/"}],"wp:attachment":[{"href":"https:\/\/www.evearly.news\/fr\/wp-json\/wp\/v2\/media?parent=232220"}],"wp:term":[{"taxonomy":"category","embeddable":true,"href":"https:\/\/www.evearly.news\/fr\/wp-json\/wp\/v2\/categories?post=232220"},{"taxonomy":"post_tag","embeddable":true,"href":"https:\/\/www.evearly.news\/fr\/wp-json\/wp\/v2\/tags?post=232220"}],"curies":[{"name":"wp","href":"https:\/\/api.w.org\/{rel}","templated":true}]}}